{"id":93540,"date":"2022-09-15T13:45:24","date_gmt":"2022-09-15T16:45:24","guid":{"rendered":"https:\/\/primicias2262.com\/?p=93540"},"modified":"2022-09-15T13:45:24","modified_gmt":"2022-09-15T16:45:24","slug":"jesica-arce-informo-detalles-de-las-jornadas-del-camion-oftalmologico-en-la-ciudad","status":"publish","type":"post","link":"https:\/\/primicias2262.com\/noticias\/jesica-arce-informo-detalles-de-las-jornadas-del-camion-oftalmologico-en-la-ciudad\/","title":{"rendered":"Jesica Arce inform\u00f3 detalles de las jornadas del cami\u00f3n oftalmol\u00f3gico en la ciudad"},"content":{"rendered":"<p>La responsable local del Centro de Referencia del Ministerio de Desarrollo Social de la Naci\u00f3n, Jesica Arce, se refiri\u00f3 en \u201cVoces de la Ciudad\u201d al operativo que desembarcar\u00e1 en Necochea y Quequ\u00e9n el mi\u00e9rcoles 28 y jueves 29 de septiembre, de 9 a 17 hs. en las plazas centrales.<\/p>\n<p>Ante la consulta del periodista Hugo Moller, la referente se\u00f1al\u00f3 que \u201cel cami\u00f3n oftalmol\u00f3gico est\u00e1 enmarcado dentro de un programa nacional del Ministerio de Desarrollo Social, el objetivo principal que tiene es el control de la agudeza visual, y en el mismo momento se hace entrega de lentes si as\u00ed lo considera la oftalm\u00f3loga que estar\u00e1 presente esos d\u00edas\u201d.<\/p>\n<p>Por supuesto, quien tambi\u00e9n es consejera escolar no soslay\u00f3 que \u201cestamos teniendo muchas consultas y sab\u00edamos que esto iba a pasar, pero entendimos que ten\u00edamos que hacer un trabajo exhaustivo de quienes van a tener el acceso a la consulta porque tenemos el limitante de 80 turnos por d\u00eda y podemos extendernos hasta 120 lentes entregados, as\u00ed que vamos a hacer un plus de vecinos que vengan directamente con la orden del oftalm\u00f3logo para que puedan hacerse de los lentes el mismo d\u00eda\u201d.<\/p>\n<p>En tanto, \u201chay un tel\u00e9fono donde hay que comunicarse por WhatsApp, no llamada\u201d, aclar\u00f3 mientras tanto, y el n\u00famero es 11 2176-3467.<\/p>\n<p>\u201cEl requisito fundamental del operativo es que quienes accedan no tengan obra social, y a su vez haremos un trabajo de relevamiento con vecinos de PAMI que estaban consultando para que pueda haber un seguimiento de esas personas, porque las consultas est\u00e1n superando la cantidad de gente que ese d\u00eda va a poder ir\u201d, sostuvo en un apartado Arce.<\/p>\n<p>Asimismo, Jesica apunt\u00f3 que \u201cqueremos brindarle al vecino la mejor atenci\u00f3n y por eso elegimos espacios amplios para el operativo, en Necochea ser\u00e1 la Plaza Dardo Rocha y en Quequ\u00e9n la Hip\u00f3lito Yrigoyen, adonde la gente ir\u00e1 directamente con el turno con el fin de no colapsar el espacio de la plaza\u201d y realiz\u00f3 una menci\u00f3n especial a la diputada nacional Jimena L\u00f3pez, \u201cque es quien solventa los honorarios de la oftalm\u00f3loga que vendr\u00e1 de Buenos Aires para el operativo\u201d<\/p>\n<p>Finalmente, Arce destac\u00f3 que \u201ces un operativo nacional que viene recorriendo toda la provincia, el centro de referencia tiene en \u00f3rbita tambi\u00e9n a San Cayetano y en la tercera jornada el operativo estar\u00e1 en esa localidad, el viernes 30 de septiembre\u201d.<\/p>\n","protected":false},"excerpt":{"rendered":"<p>La responsable local del Centro de Referencia del Ministerio de Desarrollo Social de la Naci\u00f3n, Jesica Arce, se refiri\u00f3 en \u201cVoces de la Ciudad\u201d al operativo que desembarcar\u00e1 en Necochea y Quequ\u00e9n el mi\u00e9rcoles 28 y jueves 29 de septiembre, de 9 a 17 hs. en las plazas centrales. Ante la consulta del periodista Hugo [&hellip;]<\/p>\n","protected":false},"author":3,"featured_media":93541,"comment_status":"closed","ping_status":"closed","sticky":false,"template":"","format":"standard","meta":{"footnotes":""},"categories":[3],"tags":[],"class_list":["post-93540","post","type-post","status-publish","format-standard","has-post-thumbnail","category-masnoticias"],"_links":{"self":[{"href":"https:\/\/primicias2262.com\/noticias\/wp-json\/wp\/v2\/posts\/93540","targetHints":{"allow":["GET"]}}],"collection":[{"href":"https:\/\/primicias2262.com\/noticias\/wp-json\/wp\/v2\/posts"}],"about":[{"href":"https:\/\/primicias2262.com\/noticias\/wp-json\/wp\/v2\/types\/post"}],"author":[{"embeddable":true,"href":"https:\/\/primicias2262.com\/noticias\/wp-json\/wp\/v2\/users\/3"}],"replies":[{"embeddable":true,"href":"https:\/\/primicias2262.com\/noticias\/wp-json\/wp\/v2\/comments?post=93540"}],"version-history":[{"count":0,"href":"https:\/\/primicias2262.com\/noticias\/wp-json\/wp\/v2\/posts\/93540\/revisions"}],"wp:attachment":[{"href":"https:\/\/primicias2262.com\/noticias\/wp-json\/wp\/v2\/media?parent=93540"}],"wp:term":[{"taxonomy":"category","embeddable":true,"href":"https:\/\/primicias2262.com\/noticias\/wp-json\/wp\/v2\/categories?post=93540"},{"taxonomy":"post_tag","embeddable":true,"href":"https:\/\/primicias2262.com\/noticias\/wp-json\/wp\/v2\/tags?post=93540"}],"curies":[{"name":"wp","href":"https:\/\/api.w.org\/{rel}","templated":true}]}}