{"id":93546,"date":"2022-09-15T14:29:22","date_gmt":"2022-09-15T17:29:22","guid":{"rendered":"https:\/\/primicias2262.com\/?p=93546"},"modified":"2022-09-15T14:29:22","modified_gmt":"2022-09-15T17:29:22","slug":"encuentro-de-cooperativas-con-organismo-nacionales-y-provinciales","status":"publish","type":"post","link":"https:\/\/primicias2262.com\/noticias\/encuentro-de-cooperativas-con-organismo-nacionales-y-provinciales\/","title":{"rendered":"Encuentro de cooperativas con organismos nacionales y provinciales"},"content":{"rendered":"<p>Este mi\u00e9rcoles se llev\u00f3 a cabo un Encuentro de Cooperativas impulsado por el INAES y el Ministerio de Producci\u00f3n, Ciencia e Innovaci\u00f3n Tecnol\u00f3gica de la Provincia de Buenos Aires. Nuestra ciudad recibi\u00f3 la visita de la directora provincial de Acci\u00f3n Cooperativa, Melina Gobbi acompa\u00f1ada de Santiago Iorio.<\/p>\n<p>El evento tuvo una gran convocatoria y participaron muchos actores del sector cooperativo y productivo local.<\/p>\n<p>En dicho encuentro, que tuvo lugar en el patio cervecero de la Cooperativa de Trabajo La Dulzura, se present\u00f3 el Programa Cooperativas en Marcha que tiene como objetivo el fortalecimiento institucional, social y econ\u00f3mico de las cooperativas de toda la provincia.<\/p>\n<p>El programa se sostiene en tres ejes fundamentales: la promoci\u00f3n del modelo de gesti\u00f3n cooperativa; el fortalecimiento de\u00a0 las capacidades productivas, comerciales e institucionales de las cooperativas y el acceso al financiamiento para el sostenimiento y\/o ampliaci\u00f3n de su producci\u00f3n.<\/p>\n<p>Estuvieron presentes participantes de la Uni\u00f3n de los Trabajadores de la Tierra, el Consejo de Administraci\u00f3n de la UPC, la comisi\u00f3n de asociados del banco Credicoop, Juan Hansen (el director de CFP), Sof\u00eda Imeroni (vicepresidenta de FECOTRA) y las siguientes cooperativas: Cr\u00e9dito Necochea, 26 de julio y Colmena. Adem\u00e1s de varios grupos pre-cooperativos del distrito.<\/p>\n","protected":false},"excerpt":{"rendered":"<p>Este mi\u00e9rcoles se llev\u00f3 a cabo un Encuentro de Cooperativas impulsado por el INAES y el Ministerio de Producci\u00f3n, Ciencia e Innovaci\u00f3n Tecnol\u00f3gica de la Provincia de Buenos Aires. Nuestra ciudad recibi\u00f3 la visita de la directora provincial de Acci\u00f3n Cooperativa, Melina Gobbi acompa\u00f1ada de Santiago Iorio. El evento tuvo una gran convocatoria y participaron [&hellip;]<\/p>\n","protected":false},"author":3,"featured_media":93547,"comment_status":"closed","ping_status":"closed","sticky":false,"template":"","format":"standard","meta":{"footnotes":""},"categories":[3],"tags":[],"class_list":["post-93546","post","type-post","status-publish","format-standard","has-post-thumbnail","category-masnoticias"],"_links":{"self":[{"href":"https:\/\/primicias2262.com\/noticias\/wp-json\/wp\/v2\/posts\/93546","targetHints":{"allow":["GET"]}}],"collection":[{"href":"https:\/\/primicias2262.com\/noticias\/wp-json\/wp\/v2\/posts"}],"about":[{"href":"https:\/\/primicias2262.com\/noticias\/wp-json\/wp\/v2\/types\/post"}],"author":[{"embeddable":true,"href":"https:\/\/primicias2262.com\/noticias\/wp-json\/wp\/v2\/users\/3"}],"replies":[{"embeddable":true,"href":"https:\/\/primicias2262.com\/noticias\/wp-json\/wp\/v2\/comments?post=93546"}],"version-history":[{"count":0,"href":"https:\/\/primicias2262.com\/noticias\/wp-json\/wp\/v2\/posts\/93546\/revisions"}],"wp:attachment":[{"href":"https:\/\/primicias2262.com\/noticias\/wp-json\/wp\/v2\/media?parent=93546"}],"wp:term":[{"taxonomy":"category","embeddable":true,"href":"https:\/\/primicias2262.com\/noticias\/wp-json\/wp\/v2\/categories?post=93546"},{"taxonomy":"post_tag","embeddable":true,"href":"https:\/\/primicias2262.com\/noticias\/wp-json\/wp\/v2\/tags?post=93546"}],"curies":[{"name":"wp","href":"https:\/\/api.w.org\/{rel}","templated":true}]}}