{"id":93553,"date":"2022-09-16T14:26:53","date_gmt":"2022-09-16T17:26:53","guid":{"rendered":"https:\/\/primicias2262.com\/?p=93553"},"modified":"2022-09-16T14:26:53","modified_gmt":"2022-09-16T17:26:53","slug":"molina-senalo-que-rojas-es-el-indicado-para-continuar-un-viejo-proyecto-del-radicalismo","status":"publish","type":"post","link":"https:\/\/primicias2262.com\/noticias\/molina-senalo-que-rojas-es-el-indicado-para-continuar-un-viejo-proyecto-del-radicalismo\/","title":{"rendered":"Molina se\u00f1al\u00f3 que Rojas es el indicado para continuar un viejo proyecto del radicalismo"},"content":{"rendered":"<p>En el marco de un reconocimiento que el actual intendente Arturo Rojas le hizo en su despacho al exintendente Daniel Molina, \u00e9ste le present\u00f3 un viejo proyecto de planificaci\u00f3n de ciudad sustentable que cree, actualizaci\u00f3n de por medio, se puede reflotar de cara a la Necochea de las pr\u00f3ximas d\u00e9cadas.<\/p>\n<p>En di\u00e1logo con el periodista Hugo Moller en los estudios de \u201cVoces de la Ciudad\u201d, el doctor Molina indic\u00f3 que \u201cvolver al despacho de la Municipalidad despu\u00e9s de 12 a\u00f1os fue emotivo, y destaco la buena predisposici\u00f3n del intendente Rojas por buscar una tem\u00e1tica positiva para la ciudad\u201d<\/p>\n<p>En tal sentido valor\u00f3 que \u201cfue una muy buena reuni\u00f3n, producto de una amable invitaci\u00f3n del intendente, una charla que valoro mucho porque en un ambiente pol\u00edtico crispado a nivel nacional y provincial, que podamos tener un di\u00e1logo maduro y productivo para la ciudad es muy bueno\u201d.<\/p>\n<p>Dicho esto, Molina cont\u00f3 que \u201cesa invitaci\u00f3n nos permiti\u00f3 acercarle un viejo proyecto que hab\u00eda quedado trunco de la gesti\u00f3n de nuestra \u00e9poca, que es muy importante y demandado, y tiene que ver con toda la planificaci\u00f3n del desarrollo de Necochea para los pr\u00f3ximos a\u00f1os, conocido como Proyecto Codes, de codificaci\u00f3n sustentable de Necochea, pensando en 2030 o 2040\u201d.<\/p>\n<p>Ello \u201camerita que esta gesti\u00f3n actualice ese proyecto para que sea el plan sustentable de crecimiento de la ciudad, con desarrollos urban\u00edsticos en la costa, r\u00edo y Quequ\u00e9n, y con una relaci\u00f3n entre el Puerto y la ciudad en lo que hace a la din\u00e1mica portuaria, estructuras de edificios, servicios p\u00fablicos como transporte, cloacas y agua, y dem\u00e1s\u201d, argument\u00f3 el exintendente.<\/p>\n<p>Incluso, el referente radical record\u00f3 que el proyecto \u201cest\u00e1 aprobado por la Provincia, pero qued\u00f3 trunco, no se dio de reflotarlo, y creo que el intendente Rojas nos dio la posibilidad de volver a instalarlo, y si es as\u00ed, en los pr\u00f3ximos meses vamos a tener un desarrollo interesante en ese aspecto, que seguramente culminar\u00e1 bajando actualizado al Concejo Deliberante\u201d.<\/p>\n<p>Asimismo, Molina destac\u00f3 que \u201ctuvimos muy buena recepci\u00f3n por parte de Rojas, incluso \u00e9l estaba al tanto del proyecto porque era concejal en aquel entonces. No sab\u00eda a qu\u00e9 grado de desarrollo hab\u00eda llegado la iniciativa, pero ahora yo creo que en este momento \u00e9l es quien tiene la responsabilidad de poder volverlo a la luz\u00bb.<\/p>\n<p>\u00abHay que actualizarlo porque ya han pasado 10 a\u00f1os, cuando reci\u00e9n iniciaban los desarrollos hacia el oeste con los pavimentos de la 91 y 42. As\u00ed que pusimos a disposici\u00f3n de Arturo nuestros equipos t\u00e9cnicos para que en conjunto con los municipales se pueda avanzar en este aspecto\u201d, puntualiz\u00f3.<\/p>\n<p>Finalmente, Molina indic\u00f3 que \u201ccuando uno tiene planificada la ciudad, puede salir a buscar inversiones\u201d, y manifest\u00f3 que \u201cmuchas ciudades de la provincia se manejan con estos planes sustentables, que se van sucediendo a lo largo de las gestiones de distinto color pol\u00edtico, como resultado del desarrollo de los funcionarios p\u00fablicos de turno y los actores privados de la ciudad, lo que le da una sustentabilidad en el tiempo y permite prever inversiones p\u00fablicas o privadas sin necesidad de que sea pasado por el Concejo Deliberante como v\u00eda de excepci\u00f3n\u201d.<\/p>\n","protected":false},"excerpt":{"rendered":"<p>En el marco de un reconocimiento que el actual intendente Arturo Rojas le hizo en su despacho al exintendente Daniel Molina, \u00e9ste le present\u00f3 un viejo proyecto de planificaci\u00f3n de ciudad sustentable que cree, actualizaci\u00f3n de por medio, se puede reflotar de cara a la Necochea de las pr\u00f3ximas d\u00e9cadas. En di\u00e1logo con el periodista [&hellip;]<\/p>\n","protected":false},"author":3,"featured_media":93554,"comment_status":"closed","ping_status":"closed","sticky":false,"template":"","format":"standard","meta":{"footnotes":""},"categories":[3],"tags":[],"class_list":["post-93553","post","type-post","status-publish","format-standard","has-post-thumbnail","category-masnoticias"],"_links":{"self":[{"href":"https:\/\/primicias2262.com\/noticias\/wp-json\/wp\/v2\/posts\/93553","targetHints":{"allow":["GET"]}}],"collection":[{"href":"https:\/\/primicias2262.com\/noticias\/wp-json\/wp\/v2\/posts"}],"about":[{"href":"https:\/\/primicias2262.com\/noticias\/wp-json\/wp\/v2\/types\/post"}],"author":[{"embeddable":true,"href":"https:\/\/primicias2262.com\/noticias\/wp-json\/wp\/v2\/users\/3"}],"replies":[{"embeddable":true,"href":"https:\/\/primicias2262.com\/noticias\/wp-json\/wp\/v2\/comments?post=93553"}],"version-history":[{"count":0,"href":"https:\/\/primicias2262.com\/noticias\/wp-json\/wp\/v2\/posts\/93553\/revisions"}],"wp:attachment":[{"href":"https:\/\/primicias2262.com\/noticias\/wp-json\/wp\/v2\/media?parent=93553"}],"wp:term":[{"taxonomy":"category","embeddable":true,"href":"https:\/\/primicias2262.com\/noticias\/wp-json\/wp\/v2\/categories?post=93553"},{"taxonomy":"post_tag","embeddable":true,"href":"https:\/\/primicias2262.com\/noticias\/wp-json\/wp\/v2\/tags?post=93553"}],"curies":[{"name":"wp","href":"https:\/\/api.w.org\/{rel}","templated":true}]}}