{"id":93556,"date":"2022-09-16T14:51:45","date_gmt":"2022-09-16T17:51:45","guid":{"rendered":"https:\/\/primicias2262.com\/?p=93556"},"modified":"2022-09-16T14:51:45","modified_gmt":"2022-09-16T17:51:45","slug":"delfino-senalo-que-la-situacion-del-transporte-es-angustiante","status":"publish","type":"post","link":"https:\/\/primicias2262.com\/noticias\/delfino-senalo-que-la-situacion-del-transporte-es-angustiante\/","title":{"rendered":"Delfino se\u00f1al\u00f3 que la situaci\u00f3n del transporte es angustiante"},"content":{"rendered":"<p>El concejal y presidente de la comisi\u00f3n de Transporte del HCD, traz\u00f3 la realidad de las empresas de micros urbanos y tambi\u00e9n del servicio de rem\u00eds, situaciones que se han ido agravando por la creciente inflaci\u00f3n en el pa\u00eds. Lo hizo durante una visita a los estudios de \u201cVoces de la Ciudad\u201d y di\u00e1logo con los periodistas Hugo Moller y Hugo Arroyo.<\/p>\n<p>Primeramente, se refiri\u00f3 a lo establecido con las empresas de micros y la tarifa del boleto, acerca de lo que manifest\u00f3 que \u201cdesde la empresa pidieron un valor de 120 pesos primero y 150 posteriormente. Hemos tenido varias reuniones con la gente de la empresa, antes de la audiencia p\u00fablica inclusive, donde nos acercaron un estudio de costos y obviamente por la inflaci\u00f3n actual esos costos se han ido a las nubes, no solo por los materiales para arreglar los veh\u00edculos, sino de combustible y los sueldos, que\u00a0 han tenido un aumento considerable\u00bb.<\/p>\n<p><a href=\"https:\/\/primicias2262.com\/wp-content\/uploads\/2022\/09\/Delfino.jpeg\"><img loading=\"lazy\" decoding=\"async\" class=\"alignright size-medium wp-image-93557\" src=\"https:\/\/primicias2262.com\/wp-content\/uploads\/2022\/09\/Delfino-300x196.jpeg\" alt=\"\" width=\"300\" height=\"196\" \/><\/a>Se\u00f1al\u00f3 acto seguido que \u201cen base a todo eso es que la empresa presenta una propuesta del aumento m\u00ednimo que necesitan para poder subsistir, ya que el aumento que realmente les da por el estudio de costos es de 350 pesos el boleto, algo imposible porque no subir\u00eda nadie\u00bb<\/p>\n<p>\u00abAs\u00ed que estamos en una situaci\u00f3n problem\u00e1tica, porque por un lado tenemos un servicio que necesita mejoras y no tiene el dinero suficiente para hacerlas, y por otro Necochea y Quequ\u00e9n son muy amplias y se necesitan colectivos para ir a trabajar, estudiar o movilizarse los jubilados, que son los que m\u00e1s lo usan, los subsidiados. De todos los boletos, solo el 30% es plano, el resto son subsidiados y eso tambi\u00e9n dificulta los ingresos de la empresa\u201d. explic\u00f3.<\/p>\n<p>Sostuvo que \u201cla decisi\u00f3n una vez presentada la propuesta de 120 pesos en forma inminente es que se haga efectiva en noviembre (hoy el valor es de 80 pesos), y 150 pesos para enero\u2026 el a\u00f1o que viene nadie va a querer dar un aumento porque es un a\u00f1o de elecciones y la gente va a votar\u201d.<\/p>\n<p>Delfino no soslay\u00f3 que \u201cla audiencia p\u00fablica reflej\u00f3 que el servicio en varios aspectos es deficiente: la gente se queja de la limpieza, del recorrido, de que hay pocos colectivos y que pasan cada vez menos seguido; de que hay barrios que est\u00e1n m\u00e1s poblados y el colectivo no pasa y de que el sistema del GPS deber\u00eda estar bien aceitado y actualizado\u201d.<\/p>\n<p>Por todo ello, el edil asever\u00f3 que \u201cEl tema del transporte es angustiante en todo el interior, no solo en Necochea, con peligro de que desaparezcan las empresas\u201d, e indic\u00f3 que \u201chay que tomar conciencia y ponerse de todos los dos lados: del lado de la gente, que necesita los servicios, y de la empresa, que tiene entre 100 y 120 empleados\u00bb.<\/p>\n<p>\u00abSi la empresa se funde esta gente se queda en la calle, es una situaci\u00f3n delicada que tenemos y hay que tratar de encontrar un punto medio, no hay que llegar al aumento que pide el estudio de casos porque es demasiado, pero hay que dar un aumento s\u00ed o s\u00ed porque si no desaparece la empresa\u201d, alert\u00f3.<\/p>\n<p>\u00bfHay alguna posible alternativa de transporte a esta problem\u00e1tica? Ante esta pregunta, Delfino revel\u00f3 que \u201chemos charlado dentro de la comisi\u00f3n esta posibilidad de comprar unidades m\u00e1s chicas, combis que tengan la mitad de pasajeros y gasten la mitad de combustible con recorridos m\u00e1s cortos, pero la empresa nos coment\u00f3 que para cambiar de unidades tambi\u00e9n hay que hacer una inversi\u00f3n, y en el momento que est\u00e1n no es posible hacerlo, solo si es con un pr\u00e9stamo de la Provincia, y por ello queremos conformar una comisi\u00f3n de seguimiento, para ayudar a que no desaparezca la empresa\u201d.<\/p>\n<p>Otra cuesti\u00f3n no menor que marc\u00f3 el concejal es que \u201cya sabemos que hay una merma de remises en la ciudad, los taxistas son siempre los mismos y entonces no alcanzan los veh\u00edculos para transporte, y te das cuenta cuando llueve o en temporada alta\u201d.<\/p>\n<p>Argument\u00f3 que \u201cla renovaci\u00f3n de la unidad de rem\u00eds tambi\u00e9n sufri\u00f3 un impacto importante por la inflaci\u00f3n: los veh\u00edculos se fueron a cifras inalcanzables y los repuestos para arreglarlos tambi\u00e9n, entonces los titulares no pueden arreglar sus unidades y en las inspecciones se quedan afuera, sin trabajo, y hemos tenido una merma muy importante de remises por esta cuesti\u00f3n, la inflaci\u00f3n nos golpea muy fuerte a todos\u201d.<\/p>\n<p>Finalmente, coment\u00f3 Delfino que \u201chemos propuesto al Ejecutivo que convoque a una comisi\u00f3n mixta de seguimiento de estas empresas, de boleto y transporte urbano, con representantes del Ejecutivo, del HCD y de la UNICEN, de manera de crear una f\u00f3rmula polin\u00f3mica que se basa en el valor de ciertos productos como combustibles, gomas y el sueldo de los empleados, y en base a eso generar un n\u00famero para no tener que estar todos los a\u00f1os discutiendo el aumento del boleto y poni\u00e9ndonos todos bastante tensos\u201d.<\/p>\n","protected":false},"excerpt":{"rendered":"<p>El concejal y presidente de la comisi\u00f3n de Transporte del HCD, traz\u00f3 la realidad de las empresas de micros urbanos y tambi\u00e9n del servicio de rem\u00eds, situaciones que se han ido agravando por la creciente inflaci\u00f3n en el pa\u00eds. Lo hizo durante una visita a los estudios de \u201cVoces de la Ciudad\u201d y di\u00e1logo con [&hellip;]<\/p>\n","protected":false},"author":3,"featured_media":77142,"comment_status":"closed","ping_status":"closed","sticky":false,"template":"","format":"standard","meta":{"footnotes":""},"categories":[3],"tags":[],"class_list":["post-93556","post","type-post","status-publish","format-standard","has-post-thumbnail","category-masnoticias"],"_links":{"self":[{"href":"https:\/\/primicias2262.com\/noticias\/wp-json\/wp\/v2\/posts\/93556","targetHints":{"allow":["GET"]}}],"collection":[{"href":"https:\/\/primicias2262.com\/noticias\/wp-json\/wp\/v2\/posts"}],"about":[{"href":"https:\/\/primicias2262.com\/noticias\/wp-json\/wp\/v2\/types\/post"}],"author":[{"embeddable":true,"href":"https:\/\/primicias2262.com\/noticias\/wp-json\/wp\/v2\/users\/3"}],"replies":[{"embeddable":true,"href":"https:\/\/primicias2262.com\/noticias\/wp-json\/wp\/v2\/comments?post=93556"}],"version-history":[{"count":0,"href":"https:\/\/primicias2262.com\/noticias\/wp-json\/wp\/v2\/posts\/93556\/revisions"}],"wp:attachment":[{"href":"https:\/\/primicias2262.com\/noticias\/wp-json\/wp\/v2\/media?parent=93556"}],"wp:term":[{"taxonomy":"category","embeddable":true,"href":"https:\/\/primicias2262.com\/noticias\/wp-json\/wp\/v2\/categories?post=93556"},{"taxonomy":"post_tag","embeddable":true,"href":"https:\/\/primicias2262.com\/noticias\/wp-json\/wp\/v2\/tags?post=93556"}],"curies":[{"name":"wp","href":"https:\/\/api.w.org\/{rel}","templated":true}]}}