{"id":93561,"date":"2022-09-16T15:07:54","date_gmt":"2022-09-16T18:07:54","guid":{"rendered":"https:\/\/primicias2262.com\/?p=93561"},"modified":"2022-09-16T15:07:54","modified_gmt":"2022-09-16T18:07:54","slug":"realizaron-allanamientos-en-quequen-por-2-robos-a-campos-loberenses","status":"publish","type":"post","link":"https:\/\/primicias2262.com\/noticias\/realizaron-allanamientos-en-quequen-por-2-robos-a-campos-loberenses\/","title":{"rendered":"Realizaron allanamientos en Quequ\u00e9n por 2 robos a campos loberenses"},"content":{"rendered":"<p>El \u00faltimo fin de semana se perpetraron dos robos a establecimientos rurales del partido de Lober\u00eda, los que fueron denunciados por sus propietarios ante el CPR de la vecina ciudad y al analizar ambos casos se estableci\u00f3\u00a0 que los robos hab\u00edan sido de similar \u00abmodus operandi\u00bb, ya sea en la forma de ingreso a las propiedades, por parte de los delincuentes\u00b8 como as\u00ed tambi\u00e9n con respecto del tipo de material que sustrajeron.<\/p>\n<p>Seg\u00fan los lineamientos impartidos por la Ayudant\u00eda Fiscal de Lober\u00eda, a cargo de la Dra. Vanesa Schneider, se llev\u00f3 a cabo la investigaci\u00f3n de manera conjunta entre la SubDDI Loberia y el CPR Loberia, con la colaboraci\u00f3n de la Direcci\u00f3n de Protecci\u00f3n Ciudadana.<\/p>\n<p>De este modo y a trav\u00e9s de las c\u00e1maras del Centro de Monitoreo se pudo determinar, en principio, los veh\u00edculos en los cuales se movilizaron los delincuentes para cometer los robos, como as\u00ed tambi\u00e9n que los mismos no ser\u00edan oriundos de esta ciudad.<\/p>\n<p>Luego de ello y a ra\u00edz de las distintas tareas de campo realizadas por los detectives se logr\u00f3 establecer la identidad de los posibles autores materiales de los il\u00edcitos como as\u00ed sus respectivos domicilios, todos ellos en la vecina localidad de Quequ\u00e9n.<\/p>\n<p>Con todos los elementos colectados el Juzgado de Garant\u00edas del Departamento Judicial de Necochea autoriz\u00f3 la realizaci\u00f3n de 3 allanamientos que estuvieron a cargo del personal de la\u00a0 Sub DDI Lober\u00eda, CPR Lober\u00eda y de la DDI Necochea en los domicilios de 525 al 2000, 569 al 3500 y 568 y 571 de Quequ\u00e9n.<\/p>\n<p>Se procedi\u00f3 en las viviendas al secuestro de diversos elementos relacionados a los robos investigados. Al mismo tiempo tambi\u00e9n se secuestraron cortes de carne, una balanza port\u00e1til y reflectores, lo que origin\u00f3 una nueva causa para los investigados por \u00abaveriguaci\u00f3n de Il\u00edcito\u00bb.<\/p>\n<p>Tambien se secuestr\u00f3 una bicicleta presumiblemente robada, en raz\u00f3n de que le fue suprimido su n\u00famero de cuadro, inici\u00e1ndose actuaciones por Encubrimiento. Por \u00faltimo en uno de los domicilios se secuestraron cinco armas de fuego (4 escopetas y 1 carabina, calibres 12\/70, cal. 28, cal 16, cal. 22) una de las cuales registra pedido de secuestro activo por robo y cartuchos de distintos calibres, motivo por el cual uno de los investigados (masculino de 29 a\u00f1os) result\u00f3 aprehendido por los delitos de \u00abtenencia ilegal de arma de guerra\u00bb y \u00abtenencia ilegal de arma de uso civil\u00bb, mientras que los restantes involucrados terminaron identificados en el marco de las distintas causas que se originaron a partir de los allanamientos.<\/p>\n","protected":false},"excerpt":{"rendered":"<p>El \u00faltimo fin de semana se perpetraron dos robos a establecimientos rurales del partido de Lober\u00eda, los que fueron denunciados por sus propietarios ante el CPR de la vecina ciudad y al analizar ambos casos se estableci\u00f3\u00a0 que los robos hab\u00edan sido de similar \u00abmodus operandi\u00bb, ya sea en la forma de ingreso a las [&hellip;]<\/p>\n","protected":false},"author":3,"featured_media":93562,"comment_status":"closed","ping_status":"closed","sticky":false,"template":"","format":"standard","meta":{"footnotes":""},"categories":[3],"tags":[],"class_list":["post-93561","post","type-post","status-publish","format-standard","has-post-thumbnail","category-masnoticias"],"_links":{"self":[{"href":"https:\/\/primicias2262.com\/noticias\/wp-json\/wp\/v2\/posts\/93561","targetHints":{"allow":["GET"]}}],"collection":[{"href":"https:\/\/primicias2262.com\/noticias\/wp-json\/wp\/v2\/posts"}],"about":[{"href":"https:\/\/primicias2262.com\/noticias\/wp-json\/wp\/v2\/types\/post"}],"author":[{"embeddable":true,"href":"https:\/\/primicias2262.com\/noticias\/wp-json\/wp\/v2\/users\/3"}],"replies":[{"embeddable":true,"href":"https:\/\/primicias2262.com\/noticias\/wp-json\/wp\/v2\/comments?post=93561"}],"version-history":[{"count":0,"href":"https:\/\/primicias2262.com\/noticias\/wp-json\/wp\/v2\/posts\/93561\/revisions"}],"wp:attachment":[{"href":"https:\/\/primicias2262.com\/noticias\/wp-json\/wp\/v2\/media?parent=93561"}],"wp:term":[{"taxonomy":"category","embeddable":true,"href":"https:\/\/primicias2262.com\/noticias\/wp-json\/wp\/v2\/categories?post=93561"},{"taxonomy":"post_tag","embeddable":true,"href":"https:\/\/primicias2262.com\/noticias\/wp-json\/wp\/v2\/tags?post=93561"}],"curies":[{"name":"wp","href":"https:\/\/api.w.org\/{rel}","templated":true}]}}