{"id":93564,"date":"2022-09-16T15:13:26","date_gmt":"2022-09-16T18:13:26","guid":{"rendered":"https:\/\/primicias2262.com\/?p=93564"},"modified":"2022-09-16T15:13:26","modified_gmt":"2022-09-16T18:13:26","slug":"se-normalizo-el-sistema-de-entrega-de-licencias-de-conducir","status":"publish","type":"post","link":"https:\/\/primicias2262.com\/noticias\/se-normalizo-el-sistema-de-entrega-de-licencias-de-conducir\/","title":{"rendered":"Se normaliz\u00f3 el sistema de entrega de licencias de conducir"},"content":{"rendered":"<p><strong>Luego de tres d\u00edas de suspensi\u00f3n por un faltante de kits, quienes concluyeron sus tr\u00e1mites ya pueden pasar a retirar los carnets.<\/strong><\/p>\n<p>La Direcci\u00f3n General de Control Urbano inform\u00f3 que ya se normaliz\u00f3 el sistema de entrega de licencias de conducir, que hab\u00eda estado suspendido los \u00faltimos tres d\u00edas por un faltante de los kits que son necesarios para formular los carnets habilitantes.<\/p>\n<p>Al respecto, el titular del \u00e1rea, Juan Manuel Laportilla, explic\u00f3 que desde este viernes 16 quienes hayan concluido el tr\u00e1mite exitosamente podr\u00e1n acercarse hasta las oficinas respectivas a retirar su pl\u00e1stico.<\/p>\n<p>Finalmente, record\u00f3 en cuanto al horario de atenci\u00f3n al p\u00fablico que es \u201cde lunes a viernes, desde las 8 hasta las 13.45\u201d, en el segundo nivel del Centro C\u00edvico, en la intersecci\u00f3n de Avenida 58 y calle 61.<\/p>\n","protected":false},"excerpt":{"rendered":"<p>Luego de tres d\u00edas de suspensi\u00f3n por un faltante de kits, quienes concluyeron sus tr\u00e1mites ya pueden pasar a retirar los carnets. La Direcci\u00f3n General de Control Urbano inform\u00f3 que ya se normaliz\u00f3 el sistema de entrega de licencias de conducir, que hab\u00eda estado suspendido los \u00faltimos tres d\u00edas por un faltante de los kits [&hellip;]<\/p>\n","protected":false},"author":3,"featured_media":93565,"comment_status":"closed","ping_status":"closed","sticky":false,"template":"","format":"standard","meta":{"footnotes":""},"categories":[3],"tags":[],"class_list":["post-93564","post","type-post","status-publish","format-standard","has-post-thumbnail","category-masnoticias"],"_links":{"self":[{"href":"https:\/\/primicias2262.com\/noticias\/wp-json\/wp\/v2\/posts\/93564","targetHints":{"allow":["GET"]}}],"collection":[{"href":"https:\/\/primicias2262.com\/noticias\/wp-json\/wp\/v2\/posts"}],"about":[{"href":"https:\/\/primicias2262.com\/noticias\/wp-json\/wp\/v2\/types\/post"}],"author":[{"embeddable":true,"href":"https:\/\/primicias2262.com\/noticias\/wp-json\/wp\/v2\/users\/3"}],"replies":[{"embeddable":true,"href":"https:\/\/primicias2262.com\/noticias\/wp-json\/wp\/v2\/comments?post=93564"}],"version-history":[{"count":0,"href":"https:\/\/primicias2262.com\/noticias\/wp-json\/wp\/v2\/posts\/93564\/revisions"}],"wp:attachment":[{"href":"https:\/\/primicias2262.com\/noticias\/wp-json\/wp\/v2\/media?parent=93564"}],"wp:term":[{"taxonomy":"category","embeddable":true,"href":"https:\/\/primicias2262.com\/noticias\/wp-json\/wp\/v2\/categories?post=93564"},{"taxonomy":"post_tag","embeddable":true,"href":"https:\/\/primicias2262.com\/noticias\/wp-json\/wp\/v2\/tags?post=93564"}],"curies":[{"name":"wp","href":"https:\/\/api.w.org\/{rel}","templated":true}]}}