{"id":93591,"date":"2022-09-17T15:39:00","date_gmt":"2022-09-17T18:39:00","guid":{"rendered":"https:\/\/primicias2262.com\/?p=93591"},"modified":"2022-09-17T15:39:00","modified_gmt":"2022-09-17T18:39:00","slug":"fleteros-solicitaron-apoyo-de-los-concejales-para-que-se-valorice-el-trabajo-local","status":"publish","type":"post","link":"https:\/\/primicias2262.com\/noticias\/fleteros-solicitaron-apoyo-de-los-concejales-para-que-se-valorice-el-trabajo-local\/","title":{"rendered":"Fleteros solicitaron apoyo de los concejales para que se valorice el trabajo local"},"content":{"rendered":"<p>Integrantes del Sindicato de Fleteros estuvieron reunidos con la Comisi\u00f3n de Transporte del Concejo Deliberante, que es presidida por el doctor Maximiliano Delfino, quien en \u201cVoces de la Ciudad\u201d resumi\u00f3 las principales inquietudes del sector.<\/p>\n<p>En di\u00e1logo con el periodista Hugo Moller, el concejal describi\u00f3 que \u201clos fleteros est\u00e1n pidiendo que el trabajo local quede en la ciudad, como una manera de proteger la fuente de trabajo del necochense y del quequenense, y para que en temporada baja no contraten transportes de otras ciudades vecinas u otras provincias\u201d.<\/p>\n<p>Por ejemplo, \u201cnos comentaban que cuando vienen los camiones a dejar cereal y vuelven a su ciudad o provincia de origen siempre vuelven con alg\u00fan flete o se llevan fertilizante, y eso es lo que no quieren, porque es p\u00e9rdida de trabajo local\u201d, explic\u00f3 al respecto.<\/p>\n<p>Por otro lado, Delfino apunt\u00f3 que \u201cse quejaron porque en el Puerto cobran una oblea al transportista, que si no la tienen paga no les dan trabajo, y esa oblea ahora est\u00e1 en 50 mil pesos por temporada, la cobra ATCADE y el cobro no es provincial ni nacional, no se cobra en otros puertos, solo ac\u00e1 en Necochea, y los fleteros dicen que es como una extorsi\u00f3n, porque pagar 50 mil pesos para que te metan en una lista y reci\u00e9n ah\u00ed te llamen no es justo\u201d.<\/p>\n<p>Ante esta situaci\u00f3n, \u201cellos quieren igualdad de condiciones y garantizar el trabajo de todos los transportistas locales, piden que el Concejo pueda ayudarlos en esto\u2026 en temporada alta no se nota tanto, pero en temporada baja es cuando necesitan trabajo porque pasan momentos duros\u201d<\/p>\n<p>Finalmente revel\u00f3 que \u201ccomo parte municipal m\u00e1s que dar nuestro apoyo y comprender la situaci\u00f3n no podemos hacer, ya que tenemos estamentos provinciales y nacionales de por medio, as\u00ed que creo que hay que plantearlo en Provincia y que sea el gobierno el que decida qu\u00e9 es lo que va a hacer con este tema\u201d.<\/p>\n<p>&nbsp;<\/p>\n","protected":false},"excerpt":{"rendered":"<p>Integrantes del Sindicato de Fleteros estuvieron reunidos con la Comisi\u00f3n de Transporte del Concejo Deliberante, que es presidida por el doctor Maximiliano Delfino, quien en \u201cVoces de la Ciudad\u201d resumi\u00f3 las principales inquietudes del sector. En di\u00e1logo con el periodista Hugo Moller, el concejal describi\u00f3 que \u201clos fleteros est\u00e1n pidiendo que el trabajo local quede [&hellip;]<\/p>\n","protected":false},"author":3,"featured_media":93557,"comment_status":"closed","ping_status":"closed","sticky":false,"template":"","format":"standard","meta":{"footnotes":""},"categories":[3],"tags":[],"class_list":["post-93591","post","type-post","status-publish","format-standard","has-post-thumbnail","category-masnoticias"],"_links":{"self":[{"href":"https:\/\/primicias2262.com\/noticias\/wp-json\/wp\/v2\/posts\/93591","targetHints":{"allow":["GET"]}}],"collection":[{"href":"https:\/\/primicias2262.com\/noticias\/wp-json\/wp\/v2\/posts"}],"about":[{"href":"https:\/\/primicias2262.com\/noticias\/wp-json\/wp\/v2\/types\/post"}],"author":[{"embeddable":true,"href":"https:\/\/primicias2262.com\/noticias\/wp-json\/wp\/v2\/users\/3"}],"replies":[{"embeddable":true,"href":"https:\/\/primicias2262.com\/noticias\/wp-json\/wp\/v2\/comments?post=93591"}],"version-history":[{"count":0,"href":"https:\/\/primicias2262.com\/noticias\/wp-json\/wp\/v2\/posts\/93591\/revisions"}],"wp:attachment":[{"href":"https:\/\/primicias2262.com\/noticias\/wp-json\/wp\/v2\/media?parent=93591"}],"wp:term":[{"taxonomy":"category","embeddable":true,"href":"https:\/\/primicias2262.com\/noticias\/wp-json\/wp\/v2\/categories?post=93591"},{"taxonomy":"post_tag","embeddable":true,"href":"https:\/\/primicias2262.com\/noticias\/wp-json\/wp\/v2\/tags?post=93591"}],"curies":[{"name":"wp","href":"https:\/\/api.w.org\/{rel}","templated":true}]}}