{"id":93593,"date":"2022-09-17T15:47:43","date_gmt":"2022-09-17T18:47:43","guid":{"rendered":"https:\/\/primicias2262.com\/?p=93593"},"modified":"2022-09-17T15:47:43","modified_gmt":"2022-09-17T18:47:43","slug":"la-directora-de-concesiones-brindo-un-detallado-panorama-de-las-obras-costeras","status":"publish","type":"post","link":"https:\/\/primicias2262.com\/noticias\/la-directora-de-concesiones-brindo-un-detallado-panorama-de-las-obras-costeras\/","title":{"rendered":"La directora de Concesiones brind\u00f3 un detallado panorama de las obras costeras"},"content":{"rendered":"<p><strong>Durante una visita a los estudios de \u201cVoces de la Ciudad\u201d, la directora de Concesiones, Ver\u00f3nica Dones, se refiri\u00f3 a los proyectos que se llevan a cabo en las costas de Necochea y Quequ\u00e9n, fundaentalmente con la vista puesta en la temporada de verano que se avecina.<\/strong><\/p>\n<p>Tras la consulta del periodista Hugo Moller, la funcionaria aclar\u00f3 que \u201cestamos con bastante trabajo, las concesiones est\u00e1n en orden y m\u00e1s que nada en esta \u00e9poca, que estamos prepar\u00e1ndonos para recibir la temporada\u201d, raz\u00f3n por la cual \u201cestamos trabajando en forma ardua en las concesiones que ya se dieron y que est\u00e1n en la primera etapa de obra. Queremos que se llegue y se terminen todas las obras prometidas en esas concesiones, que van a dar una nueva imagen de mejoramiento a la costa de Necochea y Quequ\u00e9n\u201d.<\/p>\n<p>En tal sentido, reafirm\u00f3 el rol de fiscalizaci\u00f3n de las obras adjudicadas, al referir que \u201cestamos acompa\u00f1ando al concesionario para que se cumpla y en la temporada tengamos estas primeras obras terminadas. Es una de nuestras responsabilidades como funcionarios el hecho de controlar y seguir al concesionario una vez otorgadas las concesiones a que se cumpla con las obras, que creo que ha sido una obra pendiente del Estado Municipal, de hecho cuando asumimos nos encontramos con muchas concesiones que dejaban mucho que desear\u201d.<\/p>\n<p>En cuanto a esas obras que mejorar\u00e1n los frentes costeros, Dones enumer\u00f3 que \u201cen el caso de La H\u00e9lice en Quequ\u00e9n, est\u00e1 quedando una obra muy linda que significar\u00e1 un importante nivel de infraestructura al lugar y ser\u00e1 muy buena opci\u00f3n de cara al verano\u201d, mientras que en Necochea, \u201cestamos trabajando en la proyecci\u00f3n y mejoramiento de las bajadas p\u00fablicas con luces y accesibilidad, como ser\u00e1 en el balneario Zeus, el viejo complejo de Sunset con confiter\u00eda y bajada p\u00fablica, o el Balneario Playa Morena\u201d, resalt\u00f3.<\/p>\n<p>Para ello subray\u00f3 como fundamental el trabajo de forma articulada con las Secretar\u00edas y la articulaci\u00f3n de la parte p\u00fablica con la privada: \u201cEso hace que todo funcione, como por ejemplo la parte privada de los balnearios\u201d, sostuvo.<\/p>\n<p>Agreg\u00f3 que \u201cen el caso de Sotavento est\u00e1 en la primera etapa de obra, que es la puesta en valor para que pueda funcionar este verano, incluye bajadas p\u00fablicas y se ha hecho el movimiento del terreno para realizar un deck con dos bares de playa al aire libre. Esa va a ser otra propuesta bonita para el verano, y luego vendr\u00e1 una segunda etapa en ese lugar que la veremos en 2023, pero ya en esta temporada tendremos una imagen mucho m\u00e1s agradable del sector de Sotavento\u201d.<\/p>\n<p>Agreg\u00f3 sobre esa zona de la playa necochense que \u201chay tres concesionarios diferentes, y el otro concesionario es el Ca\u00f1o (adem\u00e1s de Sunset y Sotavento), donde tambi\u00e9n se trabaja en este momento y la idea es que el 30 de noviembre pr\u00f3ximo nos encontremos con el mejoramiento de todo el sector, unido al trabajo que viene haciendo el municipio con el tema de la senda peatonal que estar\u00e1 unificada, como as\u00ed con la palabra Necochea con las letras corp\u00f3reas\u201d.<\/p>\n<p>En cuanto a lo que era el Sunset en la zona de Neptuno, \u201cser\u00e1 una estructura nueva para la temporada 2023, mientras que lo que est\u00e1 programado para el corto plazo y terminar este a\u00f1o para el 30 de noviembre es remozar lo que era el Parador Tur\u00edstico Integrador, lo que ir\u00e1 con una bajada p\u00fablica e integrado con el nuevo refugio de los guardavidas antes de bajar a la playa, que incluir\u00e1 una sala de primeros auxilios, ba\u00f1os p\u00fablicos y duchas\u201d, especific\u00f3.<\/p>\n<p>Por otra parte, la funcionaria fue consultada por el predio de \u201cEl Arca\u201d, al lado del Lago de Los Cisnes, sobre la Av. 2, respecto a lo que inform\u00f3 que \u201cactualmente est\u00e1 otorgada la tenencia para estacionamiento a la Asociaci\u00f3n Amigos del Lago de los Cisnes, y lo seguir\u00e1 teniendo hasta que se planifique salir a licitaci\u00f3n, que todav\u00eda no est\u00e1 del todo definido cu\u00e1l ser\u00e1 el destino de ese predio\u201d.<\/p>\n<p>Finalmente, Dones adelant\u00f3 que \u201cestamos trabajando con potro proyecto interesante para presentar en el Concejo Deliberante con esta Asociaci\u00f3n Amigos del Lago de los Cisnes, que es una propuesta para extender el parque de diversiones en la parte de enfrente, en el exkart\u00f3dromo, que hace a\u00f1os que est\u00e1 abandonado y sin explotar, con la idea que para este verano tengamos un parque recreativo para toda la familia, con algunos juegos arancelados, otros gratuitos y con un paseo peatonal\u201d.<\/p>\n","protected":false},"excerpt":{"rendered":"<p>Durante una visita a los estudios de \u201cVoces de la Ciudad\u201d, la directora de Concesiones, Ver\u00f3nica Dones, se refiri\u00f3 a los proyectos que se llevan a cabo en las costas de Necochea y Quequ\u00e9n, fundaentalmente con la vista puesta en la temporada de verano que se avecina. Tras la consulta del periodista Hugo Moller, la [&hellip;]<\/p>\n","protected":false},"author":3,"featured_media":93594,"comment_status":"closed","ping_status":"closed","sticky":false,"template":"","format":"standard","meta":{"footnotes":""},"categories":[3],"tags":[],"class_list":["post-93593","post","type-post","status-publish","format-standard","has-post-thumbnail","category-masnoticias"],"_links":{"self":[{"href":"https:\/\/primicias2262.com\/noticias\/wp-json\/wp\/v2\/posts\/93593","targetHints":{"allow":["GET"]}}],"collection":[{"href":"https:\/\/primicias2262.com\/noticias\/wp-json\/wp\/v2\/posts"}],"about":[{"href":"https:\/\/primicias2262.com\/noticias\/wp-json\/wp\/v2\/types\/post"}],"author":[{"embeddable":true,"href":"https:\/\/primicias2262.com\/noticias\/wp-json\/wp\/v2\/users\/3"}],"replies":[{"embeddable":true,"href":"https:\/\/primicias2262.com\/noticias\/wp-json\/wp\/v2\/comments?post=93593"}],"version-history":[{"count":0,"href":"https:\/\/primicias2262.com\/noticias\/wp-json\/wp\/v2\/posts\/93593\/revisions"}],"wp:attachment":[{"href":"https:\/\/primicias2262.com\/noticias\/wp-json\/wp\/v2\/media?parent=93593"}],"wp:term":[{"taxonomy":"category","embeddable":true,"href":"https:\/\/primicias2262.com\/noticias\/wp-json\/wp\/v2\/categories?post=93593"},{"taxonomy":"post_tag","embeddable":true,"href":"https:\/\/primicias2262.com\/noticias\/wp-json\/wp\/v2\/tags?post=93593"}],"curies":[{"name":"wp","href":"https:\/\/api.w.org\/{rel}","templated":true}]}}