{"id":93599,"date":"2022-09-17T15:55:56","date_gmt":"2022-09-17T18:55:56","guid":{"rendered":"https:\/\/primicias2262.com\/?p=93599"},"modified":"2022-09-17T15:55:56","modified_gmt":"2022-09-17T18:55:56","slug":"capacitan-a-los-agentes-municipales-para-una-mejor-atencion-vecinal","status":"publish","type":"post","link":"https:\/\/primicias2262.com\/noticias\/capacitan-a-los-agentes-municipales-para-una-mejor-atencion-vecinal\/","title":{"rendered":"Capacitan a los agentes municipales para una mejor atenci\u00f3n vecinal"},"content":{"rendered":"<p><strong>Con la iniciativa de Relaciones con la Comunidad y DDHH., esta semana inici\u00f3 la segunda etapa del Programa de Prevenci\u00f3n y Erradicaci\u00f3n de la Violencia Institucional con una charla en el hospital de Quequ\u00e9n.<\/strong><\/p>\n<p>Con una capacitaci\u00f3n dirigida a 45 agentes del Hospital \u201cJos\u00e9 Irurzun\u201d, esta semana comenz\u00f3 la segunda etapa del Programa de Prevenci\u00f3n y Erradicaci\u00f3n de la Violencia Institucional, iniciativa que parte del Ejecutivo local a trav\u00e9s de la Direcci\u00f3n de Relaciones con la Comunidad y DDHH., perteneciente a la Secretaria de Gobierno.<\/p>\n<p>El programa parte de un convenio realizado con la Secretaria de DDHH de la Provincia, y fue articulado en esta oportunidad con la Secretar\u00eda de Salud municipal, a cargo de Andrea Perestiuk, y sus dependencias.<\/p>\n<p>Esta primera clase, brindada por la abogada especialista en DDHH., Virginia Jorgensen, trat\u00f3 de una introducci\u00f3n te\u00f3rica de la perspectiva de Derechos Humanos, cu\u00e1les son los sectores m\u00e1s vulnerables, y un abordaje a la Violencia Institucional. Tambi\u00e9n se gener\u00f3 un espacio de intercambio de ideas sobre la realidad local y conceptual de la atenci\u00f3n al vecino.<\/p>\n<p>En virtud de ello, el director de Relaciones con la Comunidad y DDHH, Ger\u00f3nimo Gallegos, asegur\u00f3 que \u201cel objetivo es seguir capacitando a todos los agentes municipales en la atenci\u00f3n al vecino y en derechos humanos, siendo en este caso el turno de aquellos abocados al \u00e1mbito sanitario, en funciones de \u00edndole administrativa, de carrera hospitalaria o dedicados a la prevenci\u00f3n\u201d.<\/p>\n<p>El funcionario resalt\u00f3 que es una prioridad para la gesti\u00f3n que encabeza el intendente Arturo Rojas mejorar la atenci\u00f3n a los vecinos, y por ello agradeci\u00f3 a cada uno de los actores que aceptan el desafi\u00f3 y felicit\u00f3 por seguir profesionalizando al empleado municipal.<\/p>\n<p>\u201cA la violencia institucional se la trata form\u00e1ndonos, debatiendo entre los que hacemos el Estado y aceptando que hay cuestiones que cambiar para estar mejor, y que esa transformaci\u00f3n debe trabajarse d\u00eda a d\u00eda, siendo convincentes de que va a suceder\u201d, enfatiz\u00f3 Gallegos.<\/p>\n<p>Finalmente, el director prioriz\u00f3 que \u201cnecesitamos seguir perfeccionando la comunicaci\u00f3n con los ciudadanos, y todos los que formamos parte de la gesti\u00f3n sabemos que juntos es mejor, por eso lo hacemos en conjunto\u201d.<\/p>\n<p>Este programa, que ya se implement\u00f3 con m\u00e1s de un centenar de agentes que cumplen funciones en la Secretar\u00eda de Gobierno, y en sus \u00e1reas de mayor contacto directo con los ciudadanos, tiene previsto llegar a cada una de las dependencias municipales, tanto del Departamento Ejecutivo como del Concejo Deliberante.<\/p>\n<p>Por lo pronto, los pr\u00f3ximos encuentros ser\u00e1n tambi\u00e9n en el Hospital Irurzun el 22 y 29 de septiembre y el 6 de octubre, en los horarios de 10 a 12 y de 14 a 16.<\/p>\n","protected":false},"excerpt":{"rendered":"<p>Con la iniciativa de Relaciones con la Comunidad y DDHH., esta semana inici\u00f3 la segunda etapa del Programa de Prevenci\u00f3n y Erradicaci\u00f3n de la Violencia Institucional con una charla en el hospital de Quequ\u00e9n. Con una capacitaci\u00f3n dirigida a 45 agentes del Hospital \u201cJos\u00e9 Irurzun\u201d, esta semana comenz\u00f3 la segunda etapa del Programa de Prevenci\u00f3n [&hellip;]<\/p>\n","protected":false},"author":3,"featured_media":93600,"comment_status":"closed","ping_status":"closed","sticky":false,"template":"","format":"standard","meta":{"footnotes":""},"categories":[3],"tags":[],"class_list":["post-93599","post","type-post","status-publish","format-standard","has-post-thumbnail","category-masnoticias"],"_links":{"self":[{"href":"https:\/\/primicias2262.com\/noticias\/wp-json\/wp\/v2\/posts\/93599","targetHints":{"allow":["GET"]}}],"collection":[{"href":"https:\/\/primicias2262.com\/noticias\/wp-json\/wp\/v2\/posts"}],"about":[{"href":"https:\/\/primicias2262.com\/noticias\/wp-json\/wp\/v2\/types\/post"}],"author":[{"embeddable":true,"href":"https:\/\/primicias2262.com\/noticias\/wp-json\/wp\/v2\/users\/3"}],"replies":[{"embeddable":true,"href":"https:\/\/primicias2262.com\/noticias\/wp-json\/wp\/v2\/comments?post=93599"}],"version-history":[{"count":0,"href":"https:\/\/primicias2262.com\/noticias\/wp-json\/wp\/v2\/posts\/93599\/revisions"}],"wp:attachment":[{"href":"https:\/\/primicias2262.com\/noticias\/wp-json\/wp\/v2\/media?parent=93599"}],"wp:term":[{"taxonomy":"category","embeddable":true,"href":"https:\/\/primicias2262.com\/noticias\/wp-json\/wp\/v2\/categories?post=93599"},{"taxonomy":"post_tag","embeddable":true,"href":"https:\/\/primicias2262.com\/noticias\/wp-json\/wp\/v2\/tags?post=93599"}],"curies":[{"name":"wp","href":"https:\/\/api.w.org\/{rel}","templated":true}]}}