{"id":93617,"date":"2022-09-18T18:11:15","date_gmt":"2022-09-18T21:11:15","guid":{"rendered":"https:\/\/primicias2262.com\/?p=93617"},"modified":"2022-09-18T18:11:15","modified_gmt":"2022-09-18T21:11:15","slug":"hicimos-cosas-que-estaban-planificadas-muchas-quedaron-en-el-tintero-y-otras-las-hicimos-mal","status":"publish","type":"post","link":"https:\/\/primicias2262.com\/noticias\/hicimos-cosas-que-estaban-planificadas-muchas-quedaron-en-el-tintero-y-otras-las-hicimos-mal\/","title":{"rendered":"\u201cHicimos cosas que estaban planificadas, muchas quedaron en el tintero y otras las hicimos mal\u201d"},"content":{"rendered":"<p><strong>As\u00ed lo defini\u00f3 el doctor Daniel Anselmo Molina, a 19 a\u00f1os del triunfo radical en Necochea que lo lanz\u00f3 a ser intendente de 2003 a 2007, a\u00f1o en el que fue reelecto hasta 2011.<\/strong><\/p>\n<p>En los estudios de \u201cVoces de la Ciudad\u201d, Molina fue consultado acerca de la rememoraci\u00f3n en este mes de aquellos acontecimientos de 2003, acerca de lo que reflexion\u00f3 que \u201cvisto a la distancia fueron a\u00f1os intensos, dos periodos diferentes entre los primeros cuatro a\u00f1os y los cuatro \u00faltimos. Tuvimos muchas realizaciones de cosas que estaban planificadas, muchas quedaron en el tintero y algunas las hicimos mal\u201d.<\/p>\n<p>Pero en el tren de rescatar con optimismo el vaso medio lleno, \u201cuna buena es que nuestros equipos de gobierno perduraron con muy pocas modificaciones a lo largo de ocho a\u00f1os, y eso es muy valioso, en pol\u00edtica no suele ser tan habitual\u201d, lo mismo que en el Concejo Deliberante.<\/p>\n<p>\u201cEl bloque de concejales, que lleg\u00f3 a ser de 10 en su momento c\u00falmine, no se separ\u00f3 y se mantuvo unido a lo largo de los ocho a\u00f1os, fue muy valioso y la construcci\u00f3n era muy abierta, abrimos la puerta a otros partidos pol\u00edticos que nos acompa\u00f1aron\u201d, mencion\u00f3 a la pasada, y agreg\u00f3: \u201cRescato que hab\u00eda concejales que no eran radicales en 2007 a 2011 y tuvieron siempre la \u00e9tica de acompa\u00f1ar y levantar la mano en lo que estaban de acuerdo y no levantarla en lo que no estaban de acuerdo, pero nunca se opusieron\u201d.<\/p>\n<p>Asimismo, valora y recuerda el acompa\u00f1amiento de la gente, \u201ctanto en los a\u00f1os previos como en la gesti\u00f3n tambi\u00e9n\u201d, aunque subray\u00f3 que \u201ccuando se termin\u00f3 ese ciclo entramos en un impase como ciudad\u201d, argumentando que \u201clas gestiones posteriores, a excepci\u00f3n de la actual de Rojas que me parece que est\u00e1 haciendo muchas cosas buenas, desarmaron muchas que se hab\u00edan hecho, caso las c\u00e1maras de seguridad en monitoreo o la guardia civil de vigilancia, lo que supo llamarse polic\u00eda local, que despu\u00e9s hubo que rearmarlas\u201d.<\/p>\n<p>Por \u00faltimo, habl\u00f3 de pol\u00edticas de Estado y se\u00f1al\u00f3 las de urbanismo, poniendo como ejemplo la avenida 75. \u201cCuando hicimos la Av. 75 fue para poder unir desde el punto de vista urban\u00edstico todos los barrios del Plan Federal desde la Av. 74 hasta el Cementerio con la playa, que no ten\u00edan salida y la 75 era una salida l\u00f3gica. Lo hicimos con un pr\u00e9stamo de la Provincia de dos millones de pesos, pero no alcanzaba para pavimentarlo y qued\u00f3 mal\u201d.<\/p>\n<p>Aunque \u201cgestiones posteriores han venido pavimentado esta arteria que tiene m\u00e1s de cinco kil\u00f3metros de largo y cumple un rol muy importante de conectividad entre la playa y los barrios m\u00e1s alejados\u201d, agreg\u00f3.<\/p>\n","protected":false},"excerpt":{"rendered":"<p>As\u00ed lo defini\u00f3 el doctor Daniel Anselmo Molina, a 19 a\u00f1os del triunfo radical en Necochea que lo lanz\u00f3 a ser intendente de 2003 a 2007, a\u00f1o en el que fue reelecto hasta 2011. En los estudios de \u201cVoces de la Ciudad\u201d, Molina fue consultado acerca de la rememoraci\u00f3n en este mes de aquellos acontecimientos [&hellip;]<\/p>\n","protected":false},"author":3,"featured_media":93618,"comment_status":"closed","ping_status":"closed","sticky":false,"template":"","format":"standard","meta":{"footnotes":""},"categories":[3],"tags":[],"class_list":["post-93617","post","type-post","status-publish","format-standard","has-post-thumbnail","category-masnoticias"],"_links":{"self":[{"href":"https:\/\/primicias2262.com\/noticias\/wp-json\/wp\/v2\/posts\/93617","targetHints":{"allow":["GET"]}}],"collection":[{"href":"https:\/\/primicias2262.com\/noticias\/wp-json\/wp\/v2\/posts"}],"about":[{"href":"https:\/\/primicias2262.com\/noticias\/wp-json\/wp\/v2\/types\/post"}],"author":[{"embeddable":true,"href":"https:\/\/primicias2262.com\/noticias\/wp-json\/wp\/v2\/users\/3"}],"replies":[{"embeddable":true,"href":"https:\/\/primicias2262.com\/noticias\/wp-json\/wp\/v2\/comments?post=93617"}],"version-history":[{"count":0,"href":"https:\/\/primicias2262.com\/noticias\/wp-json\/wp\/v2\/posts\/93617\/revisions"}],"wp:attachment":[{"href":"https:\/\/primicias2262.com\/noticias\/wp-json\/wp\/v2\/media?parent=93617"}],"wp:term":[{"taxonomy":"category","embeddable":true,"href":"https:\/\/primicias2262.com\/noticias\/wp-json\/wp\/v2\/categories?post=93617"},{"taxonomy":"post_tag","embeddable":true,"href":"https:\/\/primicias2262.com\/noticias\/wp-json\/wp\/v2\/tags?post=93617"}],"curies":[{"name":"wp","href":"https:\/\/api.w.org\/{rel}","templated":true}]}}