{"id":93620,"date":"2022-09-18T18:19:17","date_gmt":"2022-09-18T21:19:17","guid":{"rendered":"https:\/\/primicias2262.com\/?p=93620"},"modified":"2022-09-18T18:19:17","modified_gmt":"2022-09-18T21:19:17","slug":"rojas-anticipo-que-elaboran-una-agenda-de-cuestiones-indiscutibles-para-presentar-a-todas-las-fuerzas-politicas","status":"publish","type":"post","link":"https:\/\/primicias2262.com\/noticias\/rojas-anticipo-que-elaboran-una-agenda-de-cuestiones-indiscutibles-para-presentar-a-todas-las-fuerzas-politicas\/","title":{"rendered":"Rojas anticip\u00f3 que elaboran una agenda de \u201ccuestiones indiscutibles\u201d para presentar a todas las fuerzas pol\u00edticas"},"content":{"rendered":"<p>Buscamos que eso sea un norte de lo que no podemos discutir y debemos estar de acuerdo s\u00ed o s\u00ed, como por ejemplo el tema de la planta de tratamiento de efluentes cloacales\u201d, argument\u00f3 el intendente del distrito.<\/p>\n<p>En uno de los pasajes de una extensa nota en \u201cVoces de la Ciudad\u201d junto al periodista Jorge G\u00f3mez, el intendente Arturo Rojas revel\u00f3 una movida que buscar\u00e1 contar con la voluntad de todo el arco pol\u00edtico, al se\u00f1alar que \u201cestamos trabajando sobre una agenda con nuestros concejales y parte del Ejecutivo en marcar algunas pol\u00edticas de Estado, para convocar a todas las fuerzas y que eso sea un norte de lo que no podemos discutir y debemos estar de acuerdo s\u00ed o s\u00ed\u201d.<\/p>\n<p>Por ejemplo, \u201cla planta de tratamiento de efluentes cloacales, en lo que todos estamos de acuerdo en empezarla, todos estamos de acuerdo en que no se puede hacer con recursos municipales y s\u00ed o s\u00ed tiene que ser con financiamiento nacional e internacional\u201d.<\/p>\n<p>Ampli\u00f3 al respecto que \u201csi todos estamos dispuestos y de acuerdo lo vamos a firmar y ser\u00e1 en este gobierno ojala, y si no que venga con el color pol\u00edtico que sea, pero toda la fuerza pol\u00edtica y la comunidad de Necochea tenemos que saber que la planta de tratamiento de efluentes cloacales la tienen que hacer desde Naci\u00f3n, debemos ser el \u00fanico municipio con m\u00e1s de 100 mil habitantes que no tiene una planta as\u00ed\u201d.<\/p>\n<p>\u201cY as\u00ed con un mont\u00f3n de temas podemos estar de acuerdo, como la Ruta 88, obras paralizadas del gobierno anterior, la vuelta del tren o el tema salud en el hospital\u201d, enumer\u00f3 el Intendente, para reconocer que \u201ctodav\u00eda falta maduraci\u00f3n en la clase dirigencial en ese sentido y a\u00fan est\u00e1 la cuesti\u00f3n de la mezquindad pol\u00edtica, as\u00ed que ya estamos trabajando en esas cuestiones indiscutibles\u201d.<\/p>\n<p>Finalmente, Rojas concluy\u00f3 que \u201cdespu\u00e9s cada partido podr\u00e1 presentar miles de proyectos o mejoras, pero hay cosas que son indiscutibles, que directamente ni deben formar parte de la agenda electoral. Ser\u00eda dar un salto de calidad, muchas veces se ha pregonado esto de los puntos de coincidencia en pol\u00edticas de Estado y nunca se ha logrado, as\u00ed que nosotros ahora veremos qu\u00e9 consenso sale\u201d.<\/p>\n","protected":false},"excerpt":{"rendered":"<p>Buscamos que eso sea un norte de lo que no podemos discutir y debemos estar de acuerdo s\u00ed o s\u00ed, como por ejemplo el tema de la planta de tratamiento de efluentes cloacales\u201d, argument\u00f3 el intendente del distrito. En uno de los pasajes de una extensa nota en \u201cVoces de la Ciudad\u201d junto al periodista [&hellip;]<\/p>\n","protected":false},"author":3,"featured_media":93359,"comment_status":"closed","ping_status":"closed","sticky":false,"template":"","format":"standard","meta":{"footnotes":""},"categories":[3],"tags":[],"class_list":["post-93620","post","type-post","status-publish","format-standard","has-post-thumbnail","category-masnoticias"],"_links":{"self":[{"href":"https:\/\/primicias2262.com\/noticias\/wp-json\/wp\/v2\/posts\/93620","targetHints":{"allow":["GET"]}}],"collection":[{"href":"https:\/\/primicias2262.com\/noticias\/wp-json\/wp\/v2\/posts"}],"about":[{"href":"https:\/\/primicias2262.com\/noticias\/wp-json\/wp\/v2\/types\/post"}],"author":[{"embeddable":true,"href":"https:\/\/primicias2262.com\/noticias\/wp-json\/wp\/v2\/users\/3"}],"replies":[{"embeddable":true,"href":"https:\/\/primicias2262.com\/noticias\/wp-json\/wp\/v2\/comments?post=93620"}],"version-history":[{"count":0,"href":"https:\/\/primicias2262.com\/noticias\/wp-json\/wp\/v2\/posts\/93620\/revisions"}],"wp:attachment":[{"href":"https:\/\/primicias2262.com\/noticias\/wp-json\/wp\/v2\/media?parent=93620"}],"wp:term":[{"taxonomy":"category","embeddable":true,"href":"https:\/\/primicias2262.com\/noticias\/wp-json\/wp\/v2\/categories?post=93620"},{"taxonomy":"post_tag","embeddable":true,"href":"https:\/\/primicias2262.com\/noticias\/wp-json\/wp\/v2\/tags?post=93620"}],"curies":[{"name":"wp","href":"https:\/\/api.w.org\/{rel}","templated":true}]}}