{"id":93622,"date":"2022-09-18T18:30:17","date_gmt":"2022-09-18T21:30:17","guid":{"rendered":"https:\/\/primicias2262.com\/?p=93622"},"modified":"2022-09-18T18:30:17","modified_gmt":"2022-09-18T21:30:17","slug":"tc-de-benedictis-esta-en-la-copa-de-oro-y-podra-pelear-por-el-titulo","status":"publish","type":"post","link":"https:\/\/primicias2262.com\/noticias\/tc-de-benedictis-esta-en-la-copa-de-oro-y-podra-pelear-por-el-titulo\/","title":{"rendered":"TC: De Benedictis est\u00e1 en la Copa de Oro y podr\u00e1 pelear por el t\u00edtulo"},"content":{"rendered":"<p>Si bien finaliz\u00f3 18\u00b0 en la competencia que se disput\u00f3 en San Luis, el piloto necochense Juan Bautista De Benedictis se meti\u00f3 en la Copa de Oro del Turismo Carretera como uno de los tres pilotos que ingresaron de \u00faltimo momento junto a Facundo Ardusso y Luis Jos\u00e9 Di Palma.<\/p>\n<p>Juan Bautista ya tiene en su haber el triunfo en Viedma que le permite pelear por el t\u00edtulo. Hoy est\u00e1 11\u00b0 en la Copa de Oro con 18 puntos, en una tabla que lidera Agustin Canapino con 55,5 unidades.<\/p>\n<p>La competencia en San Luis fue ganada por el actual campe\u00f3n, Mariano Werner, quien comparti\u00f3 el podio con Jos\u00e9 Manuel Urcera y Santiago Mangoni.<\/p>\n","protected":false},"excerpt":{"rendered":"<p>Si bien finaliz\u00f3 18\u00b0 en la competencia que se disput\u00f3 en San Luis, el piloto necochense Juan Bautista De Benedictis se meti\u00f3 en la Copa de Oro del Turismo Carretera como uno de los tres pilotos que ingresaron de \u00faltimo momento junto a Facundo Ardusso y Luis Jos\u00e9 Di Palma. Juan Bautista ya tiene en [&hellip;]<\/p>\n","protected":false},"author":3,"featured_media":93623,"comment_status":"closed","ping_status":"closed","sticky":false,"template":"","format":"standard","meta":{"footnotes":""},"categories":[3],"tags":[],"class_list":["post-93622","post","type-post","status-publish","format-standard","has-post-thumbnail","category-masnoticias"],"_links":{"self":[{"href":"https:\/\/primicias2262.com\/noticias\/wp-json\/wp\/v2\/posts\/93622","targetHints":{"allow":["GET"]}}],"collection":[{"href":"https:\/\/primicias2262.com\/noticias\/wp-json\/wp\/v2\/posts"}],"about":[{"href":"https:\/\/primicias2262.com\/noticias\/wp-json\/wp\/v2\/types\/post"}],"author":[{"embeddable":true,"href":"https:\/\/primicias2262.com\/noticias\/wp-json\/wp\/v2\/users\/3"}],"replies":[{"embeddable":true,"href":"https:\/\/primicias2262.com\/noticias\/wp-json\/wp\/v2\/comments?post=93622"}],"version-history":[{"count":0,"href":"https:\/\/primicias2262.com\/noticias\/wp-json\/wp\/v2\/posts\/93622\/revisions"}],"wp:attachment":[{"href":"https:\/\/primicias2262.com\/noticias\/wp-json\/wp\/v2\/media?parent=93622"}],"wp:term":[{"taxonomy":"category","embeddable":true,"href":"https:\/\/primicias2262.com\/noticias\/wp-json\/wp\/v2\/categories?post=93622"},{"taxonomy":"post_tag","embeddable":true,"href":"https:\/\/primicias2262.com\/noticias\/wp-json\/wp\/v2\/tags?post=93622"}],"curies":[{"name":"wp","href":"https:\/\/api.w.org\/{rel}","templated":true}]}}