{"id":93644,"date":"2022-09-19T15:18:55","date_gmt":"2022-09-19T18:18:55","guid":{"rendered":"https:\/\/primicias2262.com\/?p=93644"},"modified":"2022-09-19T15:18:55","modified_gmt":"2022-09-19T18:18:55","slug":"este-miercoles-se-realizara-la-primavera-fest-en-la-plaza-dardo-rocha","status":"publish","type":"post","link":"https:\/\/primicias2262.com\/noticias\/este-miercoles-se-realizara-la-primavera-fest-en-la-plaza-dardo-rocha\/","title":{"rendered":"Este mi\u00e9rcoles se realizar\u00e1 la Primavera Fest en la Plaza Dardo Rocha"},"content":{"rendered":"<p><strong>Llega el D\u00eda del Estudiante y desde el \u00e1rea de Juventud que encabeza Valeria Garrido se est\u00e1n ultimando detalles para que lo puedan celebrar con todo. Habr\u00e1 bandas en vivo, academias de baile y el cierre a cargo de DJ Barbie, La Hija del Chapo.<\/strong><\/p>\n<p>La Subdirecci\u00f3n de Juventud, a cargo de Valeria Garrido, est\u00e1 culminando con los preparativos para lo que ser\u00e1, el pr\u00f3ximo mi\u00e9rcoles 21, la celebraci\u00f3n de la Primavera Fest, destinada a estudiantes de escuelas secundarias que festejar\u00e1n su d\u00eda.<\/p>\n<p>El encuentro juvenil comenzar\u00e1 a las 14, en la Plaza Dardo Rocha, con el acompa\u00f1amiento de varias academias de baile del distrito y m\u00fasica en vivo con bandas locales muy conocidas por esta franja etaria, adem\u00e1s de la presencia de DJ Barbie, La Hija del Chapo, quien cerrar\u00e1 el evento alrededor de las 19.<\/p>\n<p>Asimismo, habr\u00e1 una exhibici\u00f3n del freestyle con los chicos del Koliseo, sorteos y stands en el que los j\u00f3venes podr\u00e1n comercializar productos para recaudar dinero para el viaje de egresados.<\/p>\n","protected":false},"excerpt":{"rendered":"<p>Llega el D\u00eda del Estudiante y desde el \u00e1rea de Juventud que encabeza Valeria Garrido se est\u00e1n ultimando detalles para que lo puedan celebrar con todo. Habr\u00e1 bandas en vivo, academias de baile y el cierre a cargo de DJ Barbie, La Hija del Chapo. La Subdirecci\u00f3n de Juventud, a cargo de Valeria Garrido, est\u00e1 [&hellip;]<\/p>\n","protected":false},"author":3,"featured_media":93645,"comment_status":"closed","ping_status":"closed","sticky":false,"template":"","format":"standard","meta":{"footnotes":""},"categories":[3],"tags":[],"class_list":["post-93644","post","type-post","status-publish","format-standard","has-post-thumbnail","category-masnoticias"],"_links":{"self":[{"href":"https:\/\/primicias2262.com\/noticias\/wp-json\/wp\/v2\/posts\/93644","targetHints":{"allow":["GET"]}}],"collection":[{"href":"https:\/\/primicias2262.com\/noticias\/wp-json\/wp\/v2\/posts"}],"about":[{"href":"https:\/\/primicias2262.com\/noticias\/wp-json\/wp\/v2\/types\/post"}],"author":[{"embeddable":true,"href":"https:\/\/primicias2262.com\/noticias\/wp-json\/wp\/v2\/users\/3"}],"replies":[{"embeddable":true,"href":"https:\/\/primicias2262.com\/noticias\/wp-json\/wp\/v2\/comments?post=93644"}],"version-history":[{"count":0,"href":"https:\/\/primicias2262.com\/noticias\/wp-json\/wp\/v2\/posts\/93644\/revisions"}],"wp:attachment":[{"href":"https:\/\/primicias2262.com\/noticias\/wp-json\/wp\/v2\/media?parent=93644"}],"wp:term":[{"taxonomy":"category","embeddable":true,"href":"https:\/\/primicias2262.com\/noticias\/wp-json\/wp\/v2\/categories?post=93644"},{"taxonomy":"post_tag","embeddable":true,"href":"https:\/\/primicias2262.com\/noticias\/wp-json\/wp\/v2\/tags?post=93644"}],"curies":[{"name":"wp","href":"https:\/\/api.w.org\/{rel}","templated":true}]}}