{"id":93647,"date":"2022-09-19T15:21:57","date_gmt":"2022-09-19T18:21:57","guid":{"rendered":"https:\/\/primicias2262.com\/?p=93647"},"modified":"2022-09-19T15:21:57","modified_gmt":"2022-09-19T18:21:57","slug":"otra-exitosa-edicion-de-el-mercado-en-la-plaza-scout","status":"publish","type":"post","link":"https:\/\/primicias2262.com\/noticias\/otra-exitosa-edicion-de-el-mercado-en-la-plaza-scout\/","title":{"rendered":"Otra exitosa edici\u00f3n de El Mercado en la plaza Scout"},"content":{"rendered":"<p>Con la organizaci\u00f3n de la Secretar\u00eda de Turismo y Desarrollo Productivo de la Municipalidad de Necochea, el pasado s\u00e1bado 17 se realiz\u00f3 una nueva edici\u00f3n de El Mercado, en este caso, ubicada sobre las veredas de la Plaza Scout, en Avenida 74 entre 73 y 75.<\/p>\n<p>El evento cont\u00f3 con una muy buena recepci\u00f3n de los vecinos de la zona, quienes se acercaron hasta la feria para llevarse alguna de las ofertas promocionadas por los expositores o conocer los productos m\u00e1s representativos de cada uno.<\/p>\n<p>En los stands, las verduras frescas, los huevos, los dulces, las mermeladas y las mieles fueron de los productos m\u00e1s requeridos, aunque llamaron mucho la atenci\u00f3n los precios y la calidad de los embutidos, fiambres y quesos, y la originalidad de los micro vegetales y las cremas de man\u00ed.<\/p>\n<p>La pr\u00f3xima fecha del evento ser\u00e1, como de costumbre, en la Plaza Dardo Rocha, donde tiene sede cada primera edici\u00f3n mensual de la actividad; aunque todav\u00eda con fecha a confirmar debido a la realizaci\u00f3n de los festejos por los 141 a\u00f1os de la fundaci\u00f3n de la ciudad de Necochea en ese espacio p\u00fablico.<\/p>\n","protected":false},"excerpt":{"rendered":"<p>Con la organizaci\u00f3n de la Secretar\u00eda de Turismo y Desarrollo Productivo de la Municipalidad de Necochea, el pasado s\u00e1bado 17 se realiz\u00f3 una nueva edici\u00f3n de El Mercado, en este caso, ubicada sobre las veredas de la Plaza Scout, en Avenida 74 entre 73 y 75. El evento cont\u00f3 con una muy buena recepci\u00f3n de [&hellip;]<\/p>\n","protected":false},"author":3,"featured_media":93648,"comment_status":"closed","ping_status":"closed","sticky":false,"template":"","format":"standard","meta":{"footnotes":""},"categories":[3],"tags":[],"class_list":["post-93647","post","type-post","status-publish","format-standard","has-post-thumbnail","category-masnoticias"],"_links":{"self":[{"href":"https:\/\/primicias2262.com\/noticias\/wp-json\/wp\/v2\/posts\/93647","targetHints":{"allow":["GET"]}}],"collection":[{"href":"https:\/\/primicias2262.com\/noticias\/wp-json\/wp\/v2\/posts"}],"about":[{"href":"https:\/\/primicias2262.com\/noticias\/wp-json\/wp\/v2\/types\/post"}],"author":[{"embeddable":true,"href":"https:\/\/primicias2262.com\/noticias\/wp-json\/wp\/v2\/users\/3"}],"replies":[{"embeddable":true,"href":"https:\/\/primicias2262.com\/noticias\/wp-json\/wp\/v2\/comments?post=93647"}],"version-history":[{"count":0,"href":"https:\/\/primicias2262.com\/noticias\/wp-json\/wp\/v2\/posts\/93647\/revisions"}],"wp:attachment":[{"href":"https:\/\/primicias2262.com\/noticias\/wp-json\/wp\/v2\/media?parent=93647"}],"wp:term":[{"taxonomy":"category","embeddable":true,"href":"https:\/\/primicias2262.com\/noticias\/wp-json\/wp\/v2\/categories?post=93647"},{"taxonomy":"post_tag","embeddable":true,"href":"https:\/\/primicias2262.com\/noticias\/wp-json\/wp\/v2\/tags?post=93647"}],"curies":[{"name":"wp","href":"https:\/\/api.w.org\/{rel}","templated":true}]}}