{"id":93650,"date":"2022-09-19T15:29:27","date_gmt":"2022-09-19T18:29:27","guid":{"rendered":"https:\/\/primicias2262.com\/?p=93650"},"modified":"2022-09-19T15:29:27","modified_gmt":"2022-09-19T18:29:27","slug":"mara-laxalt-no-queremos-inmiscuirnos-en-las-internas-de-otros-partidos-de-juntos","status":"publish","type":"post","link":"https:\/\/primicias2262.com\/noticias\/mara-laxalt-no-queremos-inmiscuirnos-en-las-internas-de-otros-partidos-de-juntos\/","title":{"rendered":"Mara Laxalt: \u201cNo queremos inmiscuirnos en las internas de otros partidos de Juntos\u201d"},"content":{"rendered":"<p>A un a\u00f1o de las elecciones generales en todo el pa\u00eds, la referente local del MSR (Movimiento Social por la Rep\u00fablica), Mara Laxalt, se explay\u00f3 sobre el ambiente pol\u00edtico y la movida que empieza a notar en una amplia coalici\u00f3n como de Juntos, mientras que a nivel local se\u00f1al\u00f3 que siguen acompa\u00f1ando al intendente Arturo Rojas aunque est\u00e1n expectantes de cara a 2023.<\/p>\n<p>En una visita a los estudios de \u201cVoces de la Ciudad\u201d, Laxalt fue entrevistada por el periodista Hugo Moller, a quien le reconoci\u00f3 que \u201cya hay muchos movimientos de cara a las elecciones, pero nuestro referente nacional H\u00e9ctor \u201cToty\u201d Flores, nos pidi\u00f3 que estemos tranquilos\u00bb.<\/p>\n<p>Se\u00f1al\u00f3 que \u00abdesde el MSR no queremos inmiscuirnos en las internas de otros partidos que integran Juntos por el Cambio\u201d, aclarando acto seguido que \u201cson m\u00e1s de 100 partidos los que integran la coalici\u00f3n, muchos estamos en crecimiento y expectantes de las internas de los partidos mayoritarios, como la UCR en Necochea\u201d.<\/p>\n<p>Precisamente, acerca del radicalismo, se\u00f1al\u00f3 que \u201cel otro d\u00eda se mostraron todas las l\u00edneas juntas en una reuni\u00f3n y eso es muy bueno para Juntos por el Cambio\u201d, mientras que respecto al PRO apunt\u00f3 contra Mar\u00eda Eugenia Vallota: \u201cEn el PRO hay dos o m\u00e1s l\u00edneas, y lo que no nos gusta es que de un sector desmerecen al otro, por ejemplo la exconcejala, que no acepta que ingresen otras personas como el caso de Mart\u00edn Migueles, que hoy es precandidato y una figura muy importante\u00bb.<\/p>\n<p>Esto de decir \u201cno queremos peronistas te\u00f1idos de amarillo\u201d, cuando su referente Cristian Ritondo viene del peronismo, no est\u00e1 bien. Nosotros no queremos meternos en esas internas y seguimos con el bajo perfil y un humilde trabajo\u201d, puntualiz\u00f3.<\/p>\n<p>\u201cCreemos que ser\u00eda bueno que cada uno de esos partidos diriman sus internas en elecciones partidarias, y no en unas PASO, pero lo decimos desde un partido que es nacional y a\u00fan no est\u00e1 conformado como partido provincial\u201d, referenci\u00f3, y a continuaci\u00f3n dio particularidades de c\u00f3mo se han manejado y qu\u00e9 es lo que piensan para 2023.<\/p>\n<p>\u201cEn 2021 participamos de la interna de Juntos, luego ante la falta de convocatoria de quien gan\u00f3 esa interna y la invitaci\u00f3n del actual intendente Arturo Rojas decidimos acompa\u00f1ar su gesti\u00f3n porque en 2019 integramos esa lista con Arturo\u201d, mientras que \u201cel a\u00f1o que viene tendremos que decidir, estamos expectantes observando todas estas internas, Arturo ha manifestado su intenci\u00f3n de seguir con su partido vecinal y nosotros como MSR vamos a trabajar dentro de Juntos por el Cambio porque nuestro l\u00edder Toty Flores ser\u00e1 candidato a intendente en La Matanza\u201d, aclar\u00f3.<\/p>\n<p>Esa posici\u00f3n expectante la argument\u00f3 al se\u00f1alar que \u201cla gente del PRO nos dijo en su momento que no iba a ver internas y se iba a definir un candidato a nivel nacional, uno a nivel provincial y uno a nivel local, y lo que estamos viendo es todo lo contrario. Mientras tanto seguimos trabajando y acompa\u00f1amos a la gesti\u00f3n del Intendente Rojas\u201d.<\/p>\n<p>Respecto a la gesti\u00f3n actual precisamente, Laxalt manifest\u00f3 que \u201csomos conscientes de que faltan solucionar problemas neur\u00e1lgicos para el distrito, como la planta de tratamiento de residuos, la planta de tratamiento de efluentes cloacales o el tema del Casino que parece que empieza a resolverse, el agua; o los temas de salud. Son cuestiones que no se han logrado resolver y es lo que esperamos que en breve se pueda empezar a dar respuesta a la ciudadan\u00eda porque son los temas importantes, m\u00e1s all\u00e1 de que se valora la instalaci\u00f3n de las luces Led y la seguridad\u201d.<\/p>\n","protected":false},"excerpt":{"rendered":"<p>A un a\u00f1o de las elecciones generales en todo el pa\u00eds, la referente local del MSR (Movimiento Social por la Rep\u00fablica), Mara Laxalt, se explay\u00f3 sobre el ambiente pol\u00edtico y la movida que empieza a notar en una amplia coalici\u00f3n como de Juntos, mientras que a nivel local se\u00f1al\u00f3 que siguen acompa\u00f1ando al intendente Arturo [&hellip;]<\/p>\n","protected":false},"author":3,"featured_media":93651,"comment_status":"closed","ping_status":"closed","sticky":false,"template":"","format":"standard","meta":{"footnotes":""},"categories":[3],"tags":[],"class_list":["post-93650","post","type-post","status-publish","format-standard","has-post-thumbnail","category-masnoticias"],"_links":{"self":[{"href":"https:\/\/primicias2262.com\/noticias\/wp-json\/wp\/v2\/posts\/93650","targetHints":{"allow":["GET"]}}],"collection":[{"href":"https:\/\/primicias2262.com\/noticias\/wp-json\/wp\/v2\/posts"}],"about":[{"href":"https:\/\/primicias2262.com\/noticias\/wp-json\/wp\/v2\/types\/post"}],"author":[{"embeddable":true,"href":"https:\/\/primicias2262.com\/noticias\/wp-json\/wp\/v2\/users\/3"}],"replies":[{"embeddable":true,"href":"https:\/\/primicias2262.com\/noticias\/wp-json\/wp\/v2\/comments?post=93650"}],"version-history":[{"count":0,"href":"https:\/\/primicias2262.com\/noticias\/wp-json\/wp\/v2\/posts\/93650\/revisions"}],"wp:attachment":[{"href":"https:\/\/primicias2262.com\/noticias\/wp-json\/wp\/v2\/media?parent=93650"}],"wp:term":[{"taxonomy":"category","embeddable":true,"href":"https:\/\/primicias2262.com\/noticias\/wp-json\/wp\/v2\/categories?post=93650"},{"taxonomy":"post_tag","embeddable":true,"href":"https:\/\/primicias2262.com\/noticias\/wp-json\/wp\/v2\/tags?post=93650"}],"curies":[{"name":"wp","href":"https:\/\/api.w.org\/{rel}","templated":true}]}}