{"id":93676,"date":"2022-09-20T14:05:20","date_gmt":"2022-09-20T17:05:20","guid":{"rendered":"https:\/\/primicias2262.com\/?p=93676"},"modified":"2022-09-20T14:05:20","modified_gmt":"2022-09-20T17:05:20","slug":"dos-ofertas-para-la-construccion-del-centro-de-desarrollo-infantil","status":"publish","type":"post","link":"https:\/\/primicias2262.com\/noticias\/dos-ofertas-para-la-construccion-del-centro-de-desarrollo-infantil\/","title":{"rendered":"Dos ofertas para la construcci\u00f3n del Centro de Desarrollo Infantil"},"content":{"rendered":"<p><strong>Esta ma\u00f1ana, en Obras P\u00fabicas, se llev\u00f3 adelante la apertura de sobres con dos interesados, Kosko Hnos. SRL y Arquimaq SRL. Cuando la comisi\u00f3n evaluadora determine la mejor opci\u00f3n, en pocas semanas se iniciar\u00e1 esta obra que beneficiar\u00e1 a ni\u00f1os de entre 45 d\u00edas y 5 a\u00f1os del Barrio San Mart\u00edn y alrededores, ya que se emplazar\u00e1 en calle 79 entre 80 y 82.<\/strong><\/p>\n<p>Se realiz\u00f3 esta ma\u00f1ana en el municipio una nueva licitaci\u00f3n p\u00fablica, en esta oportunidad para la construcci\u00f3n del Centro de Desarrollo Infantil en calle 79 entre 80 y 82, sin lugar a dudas un espacio de contenci\u00f3n diaria para ni\u00f1os y ni\u00f1as del Barrio San Mart\u00edn y linderos, que tengan entre 45 d\u00edas y 5 a\u00f1os de edad.<\/p>\n<p>En la apertura de sobres, las empresas Kosko Hnos. SRL y Arquimaq SRL presentaron documentaci\u00f3n que, a priori, se observ\u00f3 completa, lo que definir\u00e1 la comisi\u00f3n evaluadora que se tomar\u00e1 algunos d\u00edas para precisar cu\u00e1l de ambas es la m\u00e1s accesible y se ajuste al monto oficial, determinado en 55 millones de pesos en enero pasado.<\/p>\n<p>En ese contexto, Kosko pas\u00f3 el valor de obra por 64 millones de pesos, mientras que Arquimaq hizo lo propio con una propuesta de 65, aunque hay que aclarar que para esta licitaci\u00f3n es con mobiliario incluido, por lo que ninguna de las dos est\u00e1 lejos de la base presupuestaria.<\/p>\n<p>La obra incluye cocina, comedor, sala para beb\u00e9s con las cunas correspondientes, sala de juegos, sala de estar, ba\u00f1os ambos sexos y uno exclusivo para personas con discapacidad.<\/p>\n<p>En la apertura de sobres de hoy, con epicentro en la Secretar\u00eda de Obras P\u00fablicas, participaron el director de H\u00e1bitat y Vivienda, Lisandro Dones, el director de Obras P\u00fablicas, Pablo Novara, responsables del \u00e1rea de Compras, el concejal Alejandro Bidegain y veedores de las empresas.<\/p>\n","protected":false},"excerpt":{"rendered":"<p>Esta ma\u00f1ana, en Obras P\u00fabicas, se llev\u00f3 adelante la apertura de sobres con dos interesados, Kosko Hnos. SRL y Arquimaq SRL. Cuando la comisi\u00f3n evaluadora determine la mejor opci\u00f3n, en pocas semanas se iniciar\u00e1 esta obra que beneficiar\u00e1 a ni\u00f1os de entre 45 d\u00edas y 5 a\u00f1os del Barrio San Mart\u00edn y alrededores, ya que [&hellip;]<\/p>\n","protected":false},"author":3,"featured_media":93677,"comment_status":"closed","ping_status":"closed","sticky":false,"template":"","format":"standard","meta":{"footnotes":""},"categories":[3],"tags":[],"class_list":["post-93676","post","type-post","status-publish","format-standard","has-post-thumbnail","category-masnoticias"],"_links":{"self":[{"href":"https:\/\/primicias2262.com\/noticias\/wp-json\/wp\/v2\/posts\/93676","targetHints":{"allow":["GET"]}}],"collection":[{"href":"https:\/\/primicias2262.com\/noticias\/wp-json\/wp\/v2\/posts"}],"about":[{"href":"https:\/\/primicias2262.com\/noticias\/wp-json\/wp\/v2\/types\/post"}],"author":[{"embeddable":true,"href":"https:\/\/primicias2262.com\/noticias\/wp-json\/wp\/v2\/users\/3"}],"replies":[{"embeddable":true,"href":"https:\/\/primicias2262.com\/noticias\/wp-json\/wp\/v2\/comments?post=93676"}],"version-history":[{"count":0,"href":"https:\/\/primicias2262.com\/noticias\/wp-json\/wp\/v2\/posts\/93676\/revisions"}],"wp:attachment":[{"href":"https:\/\/primicias2262.com\/noticias\/wp-json\/wp\/v2\/media?parent=93676"}],"wp:term":[{"taxonomy":"category","embeddable":true,"href":"https:\/\/primicias2262.com\/noticias\/wp-json\/wp\/v2\/categories?post=93676"},{"taxonomy":"post_tag","embeddable":true,"href":"https:\/\/primicias2262.com\/noticias\/wp-json\/wp\/v2\/tags?post=93676"}],"curies":[{"name":"wp","href":"https:\/\/api.w.org\/{rel}","templated":true}]}}