{"id":93684,"date":"2022-09-20T14:24:43","date_gmt":"2022-09-20T17:24:43","guid":{"rendered":"https:\/\/primicias2262.com\/?p=93684"},"modified":"2022-09-20T14:24:43","modified_gmt":"2022-09-20T17:24:43","slug":"se-montaria-para-este-verano-un-parque-de-juegos-y-plaza-publica-frente-al-lago-de-los-cisnes","status":"publish","type":"post","link":"https:\/\/primicias2262.com\/noticias\/se-montaria-para-este-verano-un-parque-de-juegos-y-plaza-publica-frente-al-lago-de-los-cisnes\/","title":{"rendered":"Se montar\u00eda para este verano un parque de juegos y plaza p\u00fablica frente al Lago de los Cisnes"},"content":{"rendered":"<p>As\u00ed lo confirm\u00f3 en \u201cVoces de la Ciudad\u201d el concesionario del predio, Daniel Carri\u00f3n, en di\u00e1logo con el periodista Hugo Moller. Para ello solo faltar\u00eda el permiso por parte de la Municipalidad pero est\u00e1 avanzada la idea en conjunto con la Direcci\u00f3n de Concesiones.<\/p>\n<p>Al respecto, el empresario revel\u00f3 que \u201chicimos una presentaci\u00f3n por pedido del predio frente al lago porque el a\u00f1o pasado tuvimos muchos problemas con el tema del estacionamiento y el circo que quedaba muy sobre la calle esta temporada. Entonces se hizo una limpieza del terreno y ahora la idea es hacer una bater\u00eda nueva de ba\u00f1os p\u00fablicos y poner unos juegos mec\u00e1nicos que nos propone la Municipalidad, y adem\u00e1s una placita libre para toda la familia\u201d.<\/p>\n<p>Carri\u00f3n explic\u00f3 que \u201cse har\u00e1 algo del estilo que se hizo en el Lago de los Cisnes, manteniendo el mismo dise\u00f1o y la misma impronta y tendremos un lugar recreativo que nos permitir\u00e1 ampliarle la oferta al turista para que pueda disfrutar de un nuevo lugar de forma libre y gratuita\u201d.<\/p>\n<p>Acto seguido, confirm\u00f3 que \u201cla idea es concretarlo para la temporada que se avecina, estamos esperando que nos den el okey y una vez que est\u00e9 aprobado ya tenemos todo para empezar a trabajar r\u00e1pidamente. Los ba\u00f1os p\u00fablicos ser\u00e1n con contenedores as\u00ed que la instalaci\u00f3n no ser\u00e1 complicada y luego se instalar\u00e1n los juegos y la plaza\u201d.<\/p>\n<p>En ese contexto, Carri\u00f3n asegur\u00f3 que \u201cel complejo del Lago est\u00e1 perfecto y funcionando muy bien. Ahora arrancamos la temporada educativa hasta el 15 de diciembre con m\u00e1s de 3 mil chicos de escuelas de Necochea que vienen a visitarnos. Despu\u00e9s de la pandemia es el primer a\u00f1o fuerte donde pudimos recuperar totalmente la afluencia de alumnos de las escuelas que ven\u00edan anteriormente\u201d.<\/p>\n<p>Finalmente, Carri\u00f3n se refiri\u00f3 a la intervenci\u00f3n art\u00edstica en el predio que viene promocionando la Asociaci\u00f3n Amigos del Lago: \u201cSer\u00e1 una una pintada de murales en todo el lago de los cisnes con la participaci\u00f3n de artistas locales, es un concurso que se lanz\u00f3 para ver cu\u00e1l es la obra m\u00e1s linda y para eso hay un jurado que se dedica al arte que dictaminar\u00e1 cu\u00e1l es el ganador, cuyo premio ser\u00e1 de 100 mil pesos\u201d.<\/p>\n<p>\u201cEsto fue una idea de la gente del Centro Cultural, quienes vinieron con esta propuesta y nos pareci\u00f3 muy interesante y loable el trabajo que nos presentaron. El objetivo es interactuar las paredes lisas que tenemos en el lago con el arte, la tem\u00e1tica la decidir\u00e1 la gente especializada y capacitada y desde nuestra parte haremos la promoci\u00f3n del concurso\u201d, culmin\u00f3.<\/p>\n","protected":false},"excerpt":{"rendered":"<p>As\u00ed lo confirm\u00f3 en \u201cVoces de la Ciudad\u201d el concesionario del predio, Daniel Carri\u00f3n, en di\u00e1logo con el periodista Hugo Moller. Para ello solo faltar\u00eda el permiso por parte de la Municipalidad pero est\u00e1 avanzada la idea en conjunto con la Direcci\u00f3n de Concesiones. Al respecto, el empresario revel\u00f3 que \u201chicimos una presentaci\u00f3n por pedido [&hellip;]<\/p>\n","protected":false},"author":3,"featured_media":93685,"comment_status":"closed","ping_status":"closed","sticky":false,"template":"","format":"standard","meta":{"footnotes":""},"categories":[3],"tags":[],"class_list":["post-93684","post","type-post","status-publish","format-standard","has-post-thumbnail","category-masnoticias"],"_links":{"self":[{"href":"https:\/\/primicias2262.com\/noticias\/wp-json\/wp\/v2\/posts\/93684","targetHints":{"allow":["GET"]}}],"collection":[{"href":"https:\/\/primicias2262.com\/noticias\/wp-json\/wp\/v2\/posts"}],"about":[{"href":"https:\/\/primicias2262.com\/noticias\/wp-json\/wp\/v2\/types\/post"}],"author":[{"embeddable":true,"href":"https:\/\/primicias2262.com\/noticias\/wp-json\/wp\/v2\/users\/3"}],"replies":[{"embeddable":true,"href":"https:\/\/primicias2262.com\/noticias\/wp-json\/wp\/v2\/comments?post=93684"}],"version-history":[{"count":0,"href":"https:\/\/primicias2262.com\/noticias\/wp-json\/wp\/v2\/posts\/93684\/revisions"}],"wp:attachment":[{"href":"https:\/\/primicias2262.com\/noticias\/wp-json\/wp\/v2\/media?parent=93684"}],"wp:term":[{"taxonomy":"category","embeddable":true,"href":"https:\/\/primicias2262.com\/noticias\/wp-json\/wp\/v2\/categories?post=93684"},{"taxonomy":"post_tag","embeddable":true,"href":"https:\/\/primicias2262.com\/noticias\/wp-json\/wp\/v2\/tags?post=93684"}],"curies":[{"name":"wp","href":"https:\/\/api.w.org\/{rel}","templated":true}]}}