{"id":93702,"date":"2022-09-21T11:18:04","date_gmt":"2022-09-21T14:18:04","guid":{"rendered":"https:\/\/primicias2262.com\/?p=93702"},"modified":"2022-09-21T11:18:04","modified_gmt":"2022-09-21T14:18:04","slug":"se-dictaran-talleres-sobre-redes-sociales-y-fotografia-para-emprendedores","status":"publish","type":"post","link":"https:\/\/primicias2262.com\/noticias\/se-dictaran-talleres-sobre-redes-sociales-y-fotografia-para-emprendedores\/","title":{"rendered":"Se dictar\u00e1n talleres sobre redes sociales y fotograf\u00eda para emprendedores"},"content":{"rendered":"<p><strong>Gratuitos y abiertos a toda la comunidad, las capacitaciones se realizar\u00e1n en el Sal\u00f3n de Actos, mediante dos encuentros te\u00f3rico pr\u00e1cticos para cada una de ellas.<\/strong><\/p>\n<p>La Secretar\u00eda de Turismo y Desarrollo Productivo lanz\u00f3 esta ma\u00f1ana una nueva serie de capacitaciones totalmente gratuitas y abiertas a todos los emprendedores que est\u00e9n interesados en incorporar o reforzar conocimientos, esta vez, divididas en dos ciclos que tendr\u00e1n como ejes centrales a las redes sociales y la fotograf\u00eda.<\/p>\n<div class=\"wp-block-media-text is-stacked-on-mobile is-vertically-aligned-top\">\n<div class=\"wp-block-media-text__content\">\n<p>Ambos talleres constar\u00e1n de dos jornadas de formaci\u00f3n te\u00f3rico pr\u00e1ctica que se realizar\u00e1n en el Sal\u00f3n de Actos de la Municipalidad de Necochea, en calle 56 al 2945, con la disertaci\u00f3n encargada a reconocidos profesionales de nuestro medio.<\/p>\n<p>En el primero de los casos, el curso intensivo \u201cRedes Sociales\u201d se llevar\u00e1 a cabo entre los pr\u00f3ximos martes 27 y jueves 29 de septiembre, desde las 17, con un temario que recorrer\u00e1 los siguientes puntos: Mi perfil digital en IG; Planeando mi comunicaci\u00f3n; Tips de armado y publicaci\u00f3n; Feed, Historias y Reels; Publicidad; y Cat\u00e1logos.<\/p>\n<p>Para anotarse en este taller, que ser\u00e1 dictado por el dise\u00f1ador gr\u00e1fico Ezequiel Herrada y que tiene por objetivo ayudar a crear un perfil digital del emprendimiento, planear una mejor comunicaci\u00f3n y ofrecer nociones de publicidad y lectura de estad\u00edsticas para terminar de armar un cat\u00e1logo propio, los interesados deber\u00e1n completar un formulario ingresando en\u00a0<a href=\"https:\/\/forms.gle\/E7vrY7kLagwKeYsx7\">https:\/\/forms.gle\/E7vrY7kLagwKeYsx7<\/a>.<\/p>\n<\/div>\n<\/div>\n<p>El otro de los cursos, denominado \u201cFotograf\u00eda para redes\u201d, se estar\u00e1 dictando el martes 4 y el jueves 6 de octubre, en igual horario y locaci\u00f3n. A cargo del comunicador visual Lisandro Badie, durante sendos encuentros se abarcar\u00e1n distintas tem\u00e1ticas de importancia a la hora de confeccionar la imagen de un producto o marca.<\/p>\n<p>Comunicando con la imagen; Foto Producto usando tu celular; Encuadre, iluminaci\u00f3n y estilos; Aplicaciones para editar tus fotos; y Profesionaliz\u00e1 tu catalogo ser\u00e1n las cinco unidades a recorrer para aprender a crear un cat\u00e1logo digital competitivo y profesional.<\/p>\n<p>Quienes tengan la intenci\u00f3n de formar parte de esta capacitaci\u00f3n, para la que no se requieren conocimientos previos, \u201csolamente tu celu, tu producto y ganas de aprender\u201d, de acuerdo a lo informado por la Direcci\u00f3n de Emprendimientos y Pymes, ya pueden formular su acreditaci\u00f3n al evento ingresando en\u00a0<a href=\"https:\/\/forms.gle\/NTcoBNATHPCtmsrs5\">https:\/\/forms.gle\/NTcoBNATHPCtmsrs5<\/a>.<\/p>\n","protected":false},"excerpt":{"rendered":"<p>Gratuitos y abiertos a toda la comunidad, las capacitaciones se realizar\u00e1n en el Sal\u00f3n de Actos, mediante dos encuentros te\u00f3rico pr\u00e1cticos para cada una de ellas. La Secretar\u00eda de Turismo y Desarrollo Productivo lanz\u00f3 esta ma\u00f1ana una nueva serie de capacitaciones totalmente gratuitas y abiertas a todos los emprendedores que est\u00e9n interesados en incorporar o [&hellip;]<\/p>\n","protected":false},"author":3,"featured_media":93703,"comment_status":"closed","ping_status":"closed","sticky":false,"template":"","format":"standard","meta":{"footnotes":""},"categories":[3],"tags":[],"class_list":["post-93702","post","type-post","status-publish","format-standard","has-post-thumbnail","category-masnoticias"],"_links":{"self":[{"href":"https:\/\/primicias2262.com\/noticias\/wp-json\/wp\/v2\/posts\/93702","targetHints":{"allow":["GET"]}}],"collection":[{"href":"https:\/\/primicias2262.com\/noticias\/wp-json\/wp\/v2\/posts"}],"about":[{"href":"https:\/\/primicias2262.com\/noticias\/wp-json\/wp\/v2\/types\/post"}],"author":[{"embeddable":true,"href":"https:\/\/primicias2262.com\/noticias\/wp-json\/wp\/v2\/users\/3"}],"replies":[{"embeddable":true,"href":"https:\/\/primicias2262.com\/noticias\/wp-json\/wp\/v2\/comments?post=93702"}],"version-history":[{"count":0,"href":"https:\/\/primicias2262.com\/noticias\/wp-json\/wp\/v2\/posts\/93702\/revisions"}],"wp:attachment":[{"href":"https:\/\/primicias2262.com\/noticias\/wp-json\/wp\/v2\/media?parent=93702"}],"wp:term":[{"taxonomy":"category","embeddable":true,"href":"https:\/\/primicias2262.com\/noticias\/wp-json\/wp\/v2\/categories?post=93702"},{"taxonomy":"post_tag","embeddable":true,"href":"https:\/\/primicias2262.com\/noticias\/wp-json\/wp\/v2\/tags?post=93702"}],"curies":[{"name":"wp","href":"https:\/\/api.w.org\/{rel}","templated":true}]}}