{"id":93705,"date":"2022-09-21T14:27:44","date_gmt":"2022-09-21T17:27:44","guid":{"rendered":"https:\/\/primicias2262.com\/?p=93705"},"modified":"2022-09-21T14:27:44","modified_gmt":"2022-09-21T17:27:44","slug":"eugenio-cardenau-alerto-que-en-el-sector-rural-se-necesitan-lluvias-importantes","status":"publish","type":"post","link":"https:\/\/primicias2262.com\/noticias\/eugenio-cardenau-alerto-que-en-el-sector-rural-se-necesitan-lluvias-importantes\/","title":{"rendered":"Eugenio Cardenau alert\u00f3 que en el sector rural \u201cse necesitan lluvias importantes\u201d"},"content":{"rendered":"<p><strong>Ante el bajo nivel de precipitaciones en el partido de Necochea, el vicepresidente de la Sociedad Rural de Necochea, Eugenio Cardenau, puso el acento sobre la necesidad imperiosa de que llueva mucho para favorecer las cosechas.<\/strong><\/p>\n<p>En el aire de \u201cVoces de la Ciudad\u201d, el productor charl\u00f3 v\u00eda telef\u00f3nica con los periodistas Hugo Moller y Hugo Arroyo, ante quienes comenz\u00f3 expresando que \u201cesperemos que se equivoque el pron\u00f3stico y que llueva, porque hace bastante falta\u201d.<\/p>\n<p>Acto seguido argument\u00f3 que \u201cestamos en un momento clave para la cosecha fina, el trigo y la cebada empiezan con una demanda mayor de agua para el ciclo de crecimiento, y estamos a las puertas de lo que es la siembra de girasol, ma\u00edz y soja, por lo cual hay un problema bastante grande de sequ\u00eda a nivel nacional\u201d.<\/p>\n<p><a href=\"https:\/\/primicias2262.com\/wp-content\/uploads\/2022\/09\/cardenau.jpg\"><img loading=\"lazy\" decoding=\"async\" class=\"alignleft size-medium wp-image-93707\" src=\"https:\/\/primicias2262.com\/wp-content\/uploads\/2022\/09\/cardenau-300x300.jpg\" alt=\"\" width=\"300\" height=\"300\" \/><\/a><\/p>\n<p>Si bien el fin de semana hubo algunas lluvias en la zona, \u201cac\u00e1 no fue as\u00ed y tanto los productores agr\u00edcolas como ganaderos estamos mirando para arriba, a ver qu\u00e9 pasa\u201d, manifest\u00f3.<\/p>\n<p>Al ser consultado sobre sobre cu\u00e1nto es necesario que llueva, Cardenau asegur\u00f3 que \u201cse necesitan lluvias importantes, venimos con el tercer a\u00f1o del fen\u00f3meno de La Ni\u00f1a con muy bajas precipitaciones, con lo cual a\u00f1o a a\u00f1o se ven que los niveles de las napas y lagunas es muy bajo\u201d, de hecho, \u201choy no hay una laguna en pr\u00e1cticamente todo el partido de Necochea, a lo largo de los a\u00f1os se han ido secando\u201d, grafic\u00f3.<\/p>\n<p>Finalmente, se\u00f1al\u00f3 un dato de color que tiene que ver con el sector tur\u00edstico: \u201cEn Necochea con la lluvia siempre hay una dicotom\u00eda con el tema del turismo, cuando viene el verano siempre pasa lo mismo, por ejemplo en esos d\u00edas de calor intenso que hubo en enero estaban todos los turistas contentos y en el campo est\u00e1bamos desesperados porque fue una semana tremenda para los cultivos\u201d.<\/p>\n","protected":false},"excerpt":{"rendered":"<p>Ante el bajo nivel de precipitaciones en el partido de Necochea, el vicepresidente de la Sociedad Rural de Necochea, Eugenio Cardenau, puso el acento sobre la necesidad imperiosa de que llueva mucho para favorecer las cosechas. En el aire de \u201cVoces de la Ciudad\u201d, el productor charl\u00f3 v\u00eda telef\u00f3nica con los periodistas Hugo Moller y [&hellip;]<\/p>\n","protected":false},"author":3,"featured_media":93706,"comment_status":"closed","ping_status":"closed","sticky":false,"template":"","format":"standard","meta":{"footnotes":""},"categories":[3],"tags":[],"class_list":["post-93705","post","type-post","status-publish","format-standard","has-post-thumbnail","category-masnoticias"],"_links":{"self":[{"href":"https:\/\/primicias2262.com\/noticias\/wp-json\/wp\/v2\/posts\/93705","targetHints":{"allow":["GET"]}}],"collection":[{"href":"https:\/\/primicias2262.com\/noticias\/wp-json\/wp\/v2\/posts"}],"about":[{"href":"https:\/\/primicias2262.com\/noticias\/wp-json\/wp\/v2\/types\/post"}],"author":[{"embeddable":true,"href":"https:\/\/primicias2262.com\/noticias\/wp-json\/wp\/v2\/users\/3"}],"replies":[{"embeddable":true,"href":"https:\/\/primicias2262.com\/noticias\/wp-json\/wp\/v2\/comments?post=93705"}],"version-history":[{"count":0,"href":"https:\/\/primicias2262.com\/noticias\/wp-json\/wp\/v2\/posts\/93705\/revisions"}],"wp:attachment":[{"href":"https:\/\/primicias2262.com\/noticias\/wp-json\/wp\/v2\/media?parent=93705"}],"wp:term":[{"taxonomy":"category","embeddable":true,"href":"https:\/\/primicias2262.com\/noticias\/wp-json\/wp\/v2\/categories?post=93705"},{"taxonomy":"post_tag","embeddable":true,"href":"https:\/\/primicias2262.com\/noticias\/wp-json\/wp\/v2\/tags?post=93705"}],"curies":[{"name":"wp","href":"https:\/\/api.w.org\/{rel}","templated":true}]}}