{"id":93711,"date":"2022-09-21T21:11:30","date_gmt":"2022-09-22T00:11:30","guid":{"rendered":"https:\/\/primicias2262.com\/?p=93711"},"modified":"2022-09-21T21:11:30","modified_gmt":"2022-09-22T00:11:30","slug":"los-jovenes-respaldaron-con-su-presencia-el-primavera-fest","status":"publish","type":"post","link":"https:\/\/primicias2262.com\/noticias\/los-jovenes-respaldaron-con-su-presencia-el-primavera-fest\/","title":{"rendered":"Los j\u00f3venes respaldaron con su presencia el Primavera Fest"},"content":{"rendered":"<p><strong>\u201cEsto ya se ha convertido en un cl\u00e1sico porque no es la primera vez que se organiza, y por supuesto que a\u00f1o tras a\u00f1o la idea es ir mejor\u00e1ndolo para que m\u00e1s j\u00f3venes se sumen y hasta puedan mostrar su arte\u201d asever\u00f3 el intendente Arturo Rojas quien no falt\u00f3 a la cita que tuvo su desarrollo en la Plaza Dardo Rocha, con la organizaci\u00f3n de la Subdirecci\u00f3n de Juventud y en donde hubo bandas en vivo, academias de baile y m\u00e1s-<\/strong><\/p>\n<p>Con una muy buena concurrencia de estudiantes de la ciudad, se realiz\u00f3 esta tarde en la Plaza Dardo Rocha el Primavera Fest, con bandas locales en vivo, sorteos, academias de baile, en definitiva un coctel destinado especialmente a los j\u00f3venes del distrito en su d\u00eda, quienes por supuesto no le fallaron a la propuesta.<\/p>\n<p>Organizado desde la Subdirecci\u00f3n de Juventud, el encuentro cont\u00f3 con la presencia del intendente Arturo Rojas, quien aprovech\u00f3 la ocasi\u00f3n para se\u00f1alar que \u201cesto es para que los j\u00f3venes disfruten de d\u00eda de la primavera y del estudiante, pero tambi\u00e9n vemos familias enteras con el mate, lo que nos pone m\u00e1s que contentos\u201d.<\/p>\n<p>\u201cEsto ya se ha convertido en un cl\u00e1sico porque no es la primera vez que se organiza as\u00ed, y por supuesto que a\u00f1o tras a\u00f1o la idea es ir mejor\u00e1ndolo para que m\u00e1s j\u00f3venes se sumen y hasta puedan mostrar su arte\u201d a\u00f1adi\u00f3 el jefe comunal.<\/p>\n<p>Y finaliz\u00f3: \u201cHemos elegido esta plaza desde el inicio para hacer eventos porque es un lugar central, porque ac\u00e1 llegan los micros de todos los barrios, desde cualquier punto de Necochea y Quequ\u00e9n, y en ese sentido es que entendemos que este es el lugar m\u00e1s accesible para el arribo de todos los vecinos\u201d.<\/p>\n<p>Junto al Intendente, la responsable del \u00e1rea de Juventud, Valeria Garrido, expres\u00f3 que \u201cestoy muy contenta y satisfecha por haber organizado este encuentro para la juventud, con el objetivo de que los j\u00f3venes se sientan parte y disfruten de este espacio que se puso en valor\u201d.<\/p>\n<p>Para culminar, destac\u00f3 que, adem\u00e1s de las bandas en vivo \u201ccolocamos stands para que los estudiantes de secundaria que est\u00e1n por egresar puedan comercializar sus productos y recaudar dinero para el viaje de egresados que es algo que no se ven\u00eda haciendo\u201d.<\/p>\n","protected":false},"excerpt":{"rendered":"<p>\u201cEsto ya se ha convertido en un cl\u00e1sico porque no es la primera vez que se organiza, y por supuesto que a\u00f1o tras a\u00f1o la idea es ir mejor\u00e1ndolo para que m\u00e1s j\u00f3venes se sumen y hasta puedan mostrar su arte\u201d asever\u00f3 el intendente Arturo Rojas quien no falt\u00f3 a la cita que tuvo su [&hellip;]<\/p>\n","protected":false},"author":3,"featured_media":93712,"comment_status":"closed","ping_status":"closed","sticky":false,"template":"","format":"standard","meta":{"footnotes":""},"categories":[3],"tags":[],"class_list":["post-93711","post","type-post","status-publish","format-standard","has-post-thumbnail","category-masnoticias"],"_links":{"self":[{"href":"https:\/\/primicias2262.com\/noticias\/wp-json\/wp\/v2\/posts\/93711","targetHints":{"allow":["GET"]}}],"collection":[{"href":"https:\/\/primicias2262.com\/noticias\/wp-json\/wp\/v2\/posts"}],"about":[{"href":"https:\/\/primicias2262.com\/noticias\/wp-json\/wp\/v2\/types\/post"}],"author":[{"embeddable":true,"href":"https:\/\/primicias2262.com\/noticias\/wp-json\/wp\/v2\/users\/3"}],"replies":[{"embeddable":true,"href":"https:\/\/primicias2262.com\/noticias\/wp-json\/wp\/v2\/comments?post=93711"}],"version-history":[{"count":0,"href":"https:\/\/primicias2262.com\/noticias\/wp-json\/wp\/v2\/posts\/93711\/revisions"}],"wp:attachment":[{"href":"https:\/\/primicias2262.com\/noticias\/wp-json\/wp\/v2\/media?parent=93711"}],"wp:term":[{"taxonomy":"category","embeddable":true,"href":"https:\/\/primicias2262.com\/noticias\/wp-json\/wp\/v2\/categories?post=93711"},{"taxonomy":"post_tag","embeddable":true,"href":"https:\/\/primicias2262.com\/noticias\/wp-json\/wp\/v2\/tags?post=93711"}],"curies":[{"name":"wp","href":"https:\/\/api.w.org\/{rel}","templated":true}]}}