{"id":93733,"date":"2022-09-22T13:59:23","date_gmt":"2022-09-22T16:59:23","guid":{"rendered":"https:\/\/primicias2262.com\/?p=93733"},"modified":"2022-09-22T13:59:23","modified_gmt":"2022-09-22T16:59:23","slug":"el-taller-del-hospital-recupero-una-ambulancia-en-desuso-y-la-convirtio-en-una-unidad-de-terapia-intensiva-movil","status":"publish","type":"post","link":"https:\/\/primicias2262.com\/noticias\/el-taller-del-hospital-recupero-una-ambulancia-en-desuso-y-la-convirtio-en-una-unidad-de-terapia-intensiva-movil\/","title":{"rendered":"El taller del Hospital recuper\u00f3 una ambulancia en desuso y la convirti\u00f3 en una Unidad de Terapia Intensiva M\u00f3vil"},"content":{"rendered":"<p><strong>El encomiable trabajo del personal municipal permitir\u00e1 que el sistema p\u00fablico de salud duplique la cantidad de veh\u00edculos de traslado de m\u00e1xima complejidad. Adem\u00e1s, se avanza en la reparaci\u00f3n de otro m\u00f3vil para dotarlo con las mismas caracter\u00edsticas y en una Unidad de Servicio de Emergencia a las Cat\u00e1strofes.<\/strong><\/p>\n<p>Gracias al gran trabajo que viene realizando el personal afectado al taller mec\u00e1nico del Hospital Municipal \u201cDr. Emilio Ferreyra\u201d, que se encarga de la reparaci\u00f3n de todos los veh\u00edculos que componen la flota del sistema p\u00fablico de salud, se pudo recuperar a nueva una ambulancia que estaba en desuso desde hac\u00eda m\u00e1s de seis a\u00f1os y equiparla para que funcione como Unidad de Terapia Intensiva M\u00f3vil.<\/p>\n<p>La significancia de este accionar cobra magnitud tan solo por el hecho de que la comuna contaba con un \u00fanico coche preparado con la aparatolog\u00eda necesaria como para realizar viajes de larga distancia transportando pacientes con diagn\u00f3sticos de alta complejidad, al que se suma otro en condiciones de salir a la ruta, pero con menor tecnolog\u00eda m\u00e9dica.<\/p>\n<p>En el propio espacio donde se desarrollan estas tareas, en la parte lateral trasera del nosocomio, el jefe de la Divisi\u00f3n Choferes y Ambulancieros, Nicol\u00e1s Pablo Karagiannis, confirm\u00f3 la novedad. \u201cHemos logrado recuperar una ambulancia que estuvo cerca de 6 a\u00f1os y medio parada. Primero logramos conseguir el motor, que estaba guardado en un taller, lo mandamos a reparar y, cuando lleg\u00f3 el block de la rectificaci\u00f3n, nuestro mec\u00e1nico se puso manos a la obra para recuperarlo, en un proceso de algunos meses\u201d, destac\u00f3 sobre el trabajo realizado.<\/p>\n<p>Antes de terminar con este procedimiento, el municipio hab\u00eda conseguido el equipamiento correspondiente para convertir el veh\u00edculo en una UTIM y, \u201cahora, no solamente est\u00e1 en marcha, sino que est\u00e1 totalmente equipada: cuenta con un desfibrilador de primera generaci\u00f3n, un respirador totalmente completo y muy moderno, una bomba infusora electr\u00f3nica, un conversor de 12 a 220 V, para alimentar estos equipos, y la incubadora para cuando llevamos ni\u00f1os a viajes de larga distancia\u201d, detall\u00f3 el jer\u00e1rquico de carrera.<\/p>\n<p>Como si esto fuera poco, desde el \u00e1rea ya se avanza sobre una segunda unidad, con el objetivo de contar con tres de estos m\u00f3viles en algunos meses. \u201cYa tenemos el equipamiento y estamos en el proceso de reparaci\u00f3n de unos detalles mec\u00e1nicos que, en cuanto terminemos, la vamos a poner a funcionar completa\u201d, asegur\u00f3 Karagiannis.<\/p>\n<p>Destac\u00f3 que esto se puede articular gracias \u201cal esfuerzo y la sumatoria de todos, no solo del taller y los choferes, sino tambi\u00e9n a la gente que confi\u00f3 en nosotros, las personas que est\u00e1n a cargo y gestionando en nuestro municipio\u201d, con respecto a los componentes de la Secretar\u00eda de Salud, de la que dependen, y otros espacios con los que tienen relaci\u00f3n directa.<\/p>\n<p>Vale destacar que esta encomiable labor que se lleva adelante en el taller del Hospital se ejecuta con recursos propios de la comuna, que en los \u00faltimos dos a\u00f1os ha sabido invertir en la consecuci\u00f3n de repuestos, herramientas e implementos, mientras se busca un espacio f\u00edsico m\u00e1s acorde a las necesidades del operativo. Adquirir<\/p>\n<p>Tambi\u00e9n es importante informar que el Departamento Ejecutivo ha dispuesto la adquisici\u00f3n de dos ambulancias nuevas para el a\u00f1o entrante, cuya compra ya est\u00e1 incorporada en el Presupuesto de Gastos y Recursos 2023 y que \u201cnos va a venir de primera, porque hay algunas que ya tiene sus a\u00f1itos\u201d, cont\u00f3 el Jefe de divisi\u00f3n, adelantando que si ese procedimiento fuera recurrente cada a\u00f1o se podr\u00eda contar con una flota mucho m\u00e1s moderna.<\/p>\n<p>Terminando la recorrida por el taller, quien supiera ejercer el oficio de chofer de ambulancia antes de convertirse en el coordinador del espacio municipal, revel\u00f3 que, adicionalmente, \u201ctambi\u00e9n tenemos una unidad, la 166, cuyo motor se encuentra en reparaci\u00f3n, en la rectificadora, y en cualquier momento la empezamos a armar para transformarla en una unidad de Servicio de Emergencia a las Cat\u00e1strofes\u201d.<\/p>\n<p>Cuando este acaecimiento culmine -el equipamiento se va a adquiriendo paulatinamente-, \u201cpor primera vez en la historia, el Distrito va a tener una unidad de estas caracter\u00edsticas\u201d, entre cuyas capacidades \u201cpuede solventar las necesidades que todas las otras unidades vayan teniendo en un evento muy grande, en el lugar del accidente o en la zona de cat\u00e1strofe\u201d.<\/p>\n","protected":false},"excerpt":{"rendered":"<p>El encomiable trabajo del personal municipal permitir\u00e1 que el sistema p\u00fablico de salud duplique la cantidad de veh\u00edculos de traslado de m\u00e1xima complejidad. Adem\u00e1s, se avanza en la reparaci\u00f3n de otro m\u00f3vil para dotarlo con las mismas caracter\u00edsticas y en una Unidad de Servicio de Emergencia a las Cat\u00e1strofes. Gracias al gran trabajo que viene [&hellip;]<\/p>\n","protected":false},"author":3,"featured_media":93734,"comment_status":"closed","ping_status":"closed","sticky":false,"template":"","format":"standard","meta":{"footnotes":""},"categories":[3],"tags":[],"class_list":["post-93733","post","type-post","status-publish","format-standard","has-post-thumbnail","category-masnoticias"],"_links":{"self":[{"href":"https:\/\/primicias2262.com\/noticias\/wp-json\/wp\/v2\/posts\/93733","targetHints":{"allow":["GET"]}}],"collection":[{"href":"https:\/\/primicias2262.com\/noticias\/wp-json\/wp\/v2\/posts"}],"about":[{"href":"https:\/\/primicias2262.com\/noticias\/wp-json\/wp\/v2\/types\/post"}],"author":[{"embeddable":true,"href":"https:\/\/primicias2262.com\/noticias\/wp-json\/wp\/v2\/users\/3"}],"replies":[{"embeddable":true,"href":"https:\/\/primicias2262.com\/noticias\/wp-json\/wp\/v2\/comments?post=93733"}],"version-history":[{"count":0,"href":"https:\/\/primicias2262.com\/noticias\/wp-json\/wp\/v2\/posts\/93733\/revisions"}],"wp:attachment":[{"href":"https:\/\/primicias2262.com\/noticias\/wp-json\/wp\/v2\/media?parent=93733"}],"wp:term":[{"taxonomy":"category","embeddable":true,"href":"https:\/\/primicias2262.com\/noticias\/wp-json\/wp\/v2\/categories?post=93733"},{"taxonomy":"post_tag","embeddable":true,"href":"https:\/\/primicias2262.com\/noticias\/wp-json\/wp\/v2\/tags?post=93733"}],"curies":[{"name":"wp","href":"https:\/\/api.w.org\/{rel}","templated":true}]}}