{"id":93736,"date":"2022-09-22T18:41:34","date_gmt":"2022-09-22T21:41:34","guid":{"rendered":"https:\/\/primicias2262.com\/?p=93736"},"modified":"2022-09-22T18:41:34","modified_gmt":"2022-09-22T21:41:34","slug":"nacional-de-futbol-el-sub-15-de-necochea-goleo-y-gusto-en-tres-arroyos","status":"publish","type":"post","link":"https:\/\/primicias2262.com\/noticias\/nacional-de-futbol-el-sub-15-de-necochea-goleo-y-gusto-en-tres-arroyos\/","title":{"rendered":"Nacional de F\u00fatbol: el Sub-15 de Necochea gole\u00f3 y gust\u00f3 en Tres Arroyos"},"content":{"rendered":"<p>El seleccionado sub-15 de Necochea gole\u00f3 este jueves a Tres Arroyos por 4 a 0, en partido que se disput\u00f3 en el estadio \u00abRoberto Bottino\u00bb de la vecina ciudad, correspondiente a la tercera fecha de la zona 3 de la Regi\u00f3n Pampeana Sur del Torneo Nacional de Selecciones de Ligas.<\/p>\n<p>Los goles fueron se\u00f1alados por Juan Bautista Arango y Thiago Benavidez en el primer tiempo y por I\u00f1aki Cami\u00f1a Portugal y Valenyin Mu\u00f1oz en el complemento. Con este triunfo Necochea suma 6 puntos, mientras que Miramar y Tres Arroyos tienen 1 punto cada uno.<\/p>\n<p>En la pr\u00f3xima fecha el combinado local quedar\u00e1 libre y posteriormente visitar\u00e1 a Miramar y ser\u00e1 local de Tres Arroyos.<\/p>\n<p>El equipo conducido por Maximiliano Montiel y Carlos Fern\u00e1ndez alist\u00f3 a Federico Rubio en el arco, I\u00f1aki Cami\u00f1a Portugal, Jos\u00e9 Luis Gamallo, Santiago Coronel y Agust\u00edn L\u00f3pez en la defensa, Santiago P\u00e9rez, Dylan Guti\u00e9rrez Mendoza y Nazareno Nemi en el medio, Thiago Benav\u00eddez, Juan Bautista Arango y Segundo Navarro en el ataque. Luego ingresaron Valent\u00edn Mu\u00f1oz, Gin\u00e9s Vallejo, Joaquin Rote\u00f1o y Aytor Villarreal.<\/p>\n<p>&nbsp;<\/p>\n<p>&nbsp;<\/p>\n","protected":false},"excerpt":{"rendered":"<p>El seleccionado sub-15 de Necochea gole\u00f3 este jueves a Tres Arroyos por 4 a 0, en partido que se disput\u00f3 en el estadio \u00abRoberto Bottino\u00bb de la vecina ciudad, correspondiente a la tercera fecha de la zona 3 de la Regi\u00f3n Pampeana Sur del Torneo Nacional de Selecciones de Ligas. Los goles fueron se\u00f1alados por [&hellip;]<\/p>\n","protected":false},"author":3,"featured_media":93737,"comment_status":"closed","ping_status":"closed","sticky":false,"template":"","format":"standard","meta":{"footnotes":""},"categories":[3],"tags":[],"class_list":["post-93736","post","type-post","status-publish","format-standard","has-post-thumbnail","category-masnoticias"],"_links":{"self":[{"href":"https:\/\/primicias2262.com\/noticias\/wp-json\/wp\/v2\/posts\/93736","targetHints":{"allow":["GET"]}}],"collection":[{"href":"https:\/\/primicias2262.com\/noticias\/wp-json\/wp\/v2\/posts"}],"about":[{"href":"https:\/\/primicias2262.com\/noticias\/wp-json\/wp\/v2\/types\/post"}],"author":[{"embeddable":true,"href":"https:\/\/primicias2262.com\/noticias\/wp-json\/wp\/v2\/users\/3"}],"replies":[{"embeddable":true,"href":"https:\/\/primicias2262.com\/noticias\/wp-json\/wp\/v2\/comments?post=93736"}],"version-history":[{"count":0,"href":"https:\/\/primicias2262.com\/noticias\/wp-json\/wp\/v2\/posts\/93736\/revisions"}],"wp:attachment":[{"href":"https:\/\/primicias2262.com\/noticias\/wp-json\/wp\/v2\/media?parent=93736"}],"wp:term":[{"taxonomy":"category","embeddable":true,"href":"https:\/\/primicias2262.com\/noticias\/wp-json\/wp\/v2\/categories?post=93736"},{"taxonomy":"post_tag","embeddable":true,"href":"https:\/\/primicias2262.com\/noticias\/wp-json\/wp\/v2\/tags?post=93736"}],"curies":[{"name":"wp","href":"https:\/\/api.w.org\/{rel}","templated":true}]}}