{"id":93739,"date":"2022-09-23T11:40:05","date_gmt":"2022-09-23T14:40:05","guid":{"rendered":"https:\/\/primicias2262.com\/?p=93739"},"modified":"2022-09-23T11:40:05","modified_gmt":"2022-09-23T14:40:05","slug":"faltante-de-efectivos-de-2018-a-la-actualidad-hay-280-policias-menos-en-necochea","status":"publish","type":"post","link":"https:\/\/primicias2262.com\/noticias\/faltante-de-efectivos-de-2018-a-la-actualidad-hay-280-policias-menos-en-necochea\/","title":{"rendered":"Faltante de efectivos: \u201cDe 2018 a la actualidad hay 280 polic\u00edas menos en Necochea\u201d"},"content":{"rendered":"<p><strong>As\u00ed se refiri\u00f3 el director de Pol\u00edticas de Seguridad de la comuna, \u00c1ngel V\u00e1zquez, a la merma de efectivos policiales en la ciudad, uno de los temas de central preocupaci\u00f3n.<\/strong><\/p>\n<p>En di\u00e1logo telef\u00f3nico con el periodista Hugo Moller en \u201cVoces de la Ciudad\u201d, el funcionario comunic\u00f3 que \u201csiempre estamos bregando para que Necochea tenga mayor presencia policial, estuvimos viendo que desde septiembre de 2018 ha habido una merma considerable hasta la actualidad con 280 polic\u00edas menos, lo que representa un 50% menos de los efectivos de los que hab\u00eda en ese momento\u201d.<\/p>\n<p>En cuanto a los factores del faltante, \u201cson varios\u201d defini\u00f3 V\u00e1zquez, alegando que \u201cm\u00e1s all\u00e1 de los que fueron desplazados y que se hallan con sumario administrativo, que tendr\u00edan que ya ser puestos en funciones en algunos casos, ha habido retiros por la edad y otros que han sido trasladados a otros puntos de la Provincia. Es un n\u00famero importante que hace que la Jefatura Departamental de Necochea vea d\u00eda a d\u00eda c\u00f3mo se puede dar respuesta y soluci\u00f3n a las necesidades del vecino\u201d.<\/p>\n<p>Si bien a cuentagotas est\u00e1n llegando algunos efectivos en el GAD y en algunas otras dependencias, lo cierto es que \u201cqueremos llegar a un n\u00famero mayor, pens\u00e1bamos en un n\u00famero de 60 o 70 efectivos m\u00e1s que ser\u00eda lo m\u00ednimo que necesitamos para tener una operatividad acorde a lo que est\u00e1 ocurriendo\u201d, reconoci\u00f3 V\u00e1zquez.<\/p>\n<p>Asimismo expres\u00f3 que \u201cla gente que est\u00e1 amerita que tenga sus vacaciones y descanso, o se encuentra en los cursos de reentrenamiento, que si bien es una preparaci\u00f3n que tiene que tener, es un funcionario menos patrullando en la calle\u201d.<\/p>\n<p>Por ello, \u201cla mayor preocupaci\u00f3n es la prevenci\u00f3n, que es estar con la gente en la calle y ante el reclamo del vecino que haya la mayor cantidad de gente posible y al menor tiempo\u201d, se\u00f1al\u00f3 V\u00e1zquez, y en tal sentido resalt\u00f3 que \u201chemos tenido incidencias en el Barrio Municipal para lo que se dispusieron recursos desde la Jefatura Departamental y lo que estaba afectando a los vecinos de ese barrio se baj\u00f3; en el Barrio La Palmera tambi\u00e9n hubo reuniones con los vecinos que solicitaban m\u00e1s frecuencia policial y tambi\u00e9n se hizo\u201d.<\/p>\n","protected":false},"excerpt":{"rendered":"<p>As\u00ed se refiri\u00f3 el director de Pol\u00edticas de Seguridad de la comuna, \u00c1ngel V\u00e1zquez, a la merma de efectivos policiales en la ciudad, uno de los temas de central preocupaci\u00f3n. En di\u00e1logo telef\u00f3nico con el periodista Hugo Moller en \u201cVoces de la Ciudad\u201d, el funcionario comunic\u00f3 que \u201csiempre estamos bregando para que Necochea tenga mayor [&hellip;]<\/p>\n","protected":false},"author":3,"featured_media":77529,"comment_status":"closed","ping_status":"closed","sticky":false,"template":"","format":"standard","meta":{"footnotes":""},"categories":[3],"tags":[],"class_list":["post-93739","post","type-post","status-publish","format-standard","has-post-thumbnail","category-masnoticias"],"_links":{"self":[{"href":"https:\/\/primicias2262.com\/noticias\/wp-json\/wp\/v2\/posts\/93739","targetHints":{"allow":["GET"]}}],"collection":[{"href":"https:\/\/primicias2262.com\/noticias\/wp-json\/wp\/v2\/posts"}],"about":[{"href":"https:\/\/primicias2262.com\/noticias\/wp-json\/wp\/v2\/types\/post"}],"author":[{"embeddable":true,"href":"https:\/\/primicias2262.com\/noticias\/wp-json\/wp\/v2\/users\/3"}],"replies":[{"embeddable":true,"href":"https:\/\/primicias2262.com\/noticias\/wp-json\/wp\/v2\/comments?post=93739"}],"version-history":[{"count":0,"href":"https:\/\/primicias2262.com\/noticias\/wp-json\/wp\/v2\/posts\/93739\/revisions"}],"wp:attachment":[{"href":"https:\/\/primicias2262.com\/noticias\/wp-json\/wp\/v2\/media?parent=93739"}],"wp:term":[{"taxonomy":"category","embeddable":true,"href":"https:\/\/primicias2262.com\/noticias\/wp-json\/wp\/v2\/categories?post=93739"},{"taxonomy":"post_tag","embeddable":true,"href":"https:\/\/primicias2262.com\/noticias\/wp-json\/wp\/v2\/tags?post=93739"}],"curies":[{"name":"wp","href":"https:\/\/api.w.org\/{rel}","templated":true}]}}