{"id":93753,"date":"2022-09-23T14:07:00","date_gmt":"2022-09-23T17:07:00","guid":{"rendered":"https:\/\/primicias2262.com\/?p=93753"},"modified":"2022-09-23T14:07:00","modified_gmt":"2022-09-23T17:07:00","slug":"mayor-activo-este-sabado-se-abre-el-telon-del-teatro-municipal-para-una-gala-artistica","status":"publish","type":"post","link":"https:\/\/primicias2262.com\/noticias\/mayor-activo-este-sabado-se-abre-el-telon-del-teatro-municipal-para-una-gala-artistica\/","title":{"rendered":"Mayor Activo: este s\u00e1bado se abre el tel\u00f3n del Teatro Municipal para una gala art\u00edstica"},"content":{"rendered":"<p><strong>Ser\u00e1 la tercera actividad de las Olimpiadas Interdisciplinarias de la Tercera Edad que organiza el municipio, con entrada gratuita y referida a diferentes puestas en escena protagonizadas exclusivamente por adultos mayores de los centros de jubilados locales.<\/strong><\/p>\n<p>Este s\u00e1bado 24 de septiembre, de manera gratuita, se realizar\u00e1 la tercera actividad del programa \u201cMayor Activo: Olimpiadas Interdisciplinarias de la Tercera Edad\u201d, y en esta ocasi\u00f3n se tratar\u00e1 de una gala art\u00edstica de talentos a desarrollarse en el Teatro Municipal \u201cLuis Sandrini\u201d, a partir de las 18.<\/p>\n<p>Desde la organizaci\u00f3n a cargo de la Direcci\u00f3n de Relaciones con la Comunidad y DDHH., se destac\u00f3 que la gala ser\u00e1 articulada con la Direcci\u00f3n de Cultura, y a prop\u00f3sito de ello, el titular del \u00e1rea organizadora, Ger\u00f3nimo Gallegos, resalt\u00f3 \u201cla siempre excelente predisposici\u00f3n al momento de colaborar en iniciativas\u201d por parte de la Direcci\u00f3n encabezada por Juan Gamba.<\/p>\n<div class=\"wp-block-media-text alignwide is-stacked-on-mobile\">\n<div class=\"wp-block-media-text__content\">\n<p>Respecto a esta tercera actividad, Gallegos mencion\u00f3 que \u201ctiene la peculiaridad que veremos la pasi\u00f3n y vocaci\u00f3n que en muchos casos estos vecinos pospusieron en sus vidas por diferentes cuestiones, y que hoy les llena de orgullo poder mostrarnos. Ser\u00e1 una tarde de jubilados para toda la comunidad, y nos invadir\u00eda a\u00fan m\u00e1s orgullo que los acompa\u00f1en\u201d.<\/p>\n<p>Durante la jornada en el \u201cLuis Sandrini\u201d, se podr\u00e1n ver puestas en escena de n\u00fameros de baile de tango y folklore, recitadores de poes\u00eda, payadores, cantantes de milonga, flamenco y mel\u00f3dico, pianistas y sketches c\u00f3micos. La particularidad de las funciones es que ser\u00e1n realizadas pura y exclusivamente por adultos mayores que representan a diversos centros de jubilados locales.<\/p>\n<\/div>\n<\/div>\n<p>El funcionario resalt\u00f3 que \u201cla importancia de esta pol\u00edtica p\u00fablica radica en que cada jornada sea un lugar de encuentro, de experiencias nuevas, de cercan\u00eda con los familiares y amigos, y sobre todo, de participar en la b\u00fasqueda de un momento de alegr\u00eda y distracci\u00f3n\u201d.<\/p>\n<p>En los dos primeros encuentros, realizados en el Centro de Jubilados Sur y el C\u00edrculo de Jubilados Municipales, respectivamente, pasaron cerca de 200 jubilados que se involucraron en partidas de tejo, sapo, chinch\u00f3n, truco y canasta.<\/p>\n","protected":false},"excerpt":{"rendered":"<p>Ser\u00e1 la tercera actividad de las Olimpiadas Interdisciplinarias de la Tercera Edad que organiza el municipio, con entrada gratuita y referida a diferentes puestas en escena protagonizadas exclusivamente por adultos mayores de los centros de jubilados locales. Este s\u00e1bado 24 de septiembre, de manera gratuita, se realizar\u00e1 la tercera actividad del programa \u201cMayor Activo: Olimpiadas [&hellip;]<\/p>\n","protected":false},"author":3,"featured_media":93754,"comment_status":"closed","ping_status":"closed","sticky":false,"template":"","format":"standard","meta":{"footnotes":""},"categories":[3],"tags":[],"class_list":["post-93753","post","type-post","status-publish","format-standard","has-post-thumbnail","category-masnoticias"],"_links":{"self":[{"href":"https:\/\/primicias2262.com\/noticias\/wp-json\/wp\/v2\/posts\/93753","targetHints":{"allow":["GET"]}}],"collection":[{"href":"https:\/\/primicias2262.com\/noticias\/wp-json\/wp\/v2\/posts"}],"about":[{"href":"https:\/\/primicias2262.com\/noticias\/wp-json\/wp\/v2\/types\/post"}],"author":[{"embeddable":true,"href":"https:\/\/primicias2262.com\/noticias\/wp-json\/wp\/v2\/users\/3"}],"replies":[{"embeddable":true,"href":"https:\/\/primicias2262.com\/noticias\/wp-json\/wp\/v2\/comments?post=93753"}],"version-history":[{"count":0,"href":"https:\/\/primicias2262.com\/noticias\/wp-json\/wp\/v2\/posts\/93753\/revisions"}],"wp:attachment":[{"href":"https:\/\/primicias2262.com\/noticias\/wp-json\/wp\/v2\/media?parent=93753"}],"wp:term":[{"taxonomy":"category","embeddable":true,"href":"https:\/\/primicias2262.com\/noticias\/wp-json\/wp\/v2\/categories?post=93753"},{"taxonomy":"post_tag","embeddable":true,"href":"https:\/\/primicias2262.com\/noticias\/wp-json\/wp\/v2\/tags?post=93753"}],"curies":[{"name":"wp","href":"https:\/\/api.w.org\/{rel}","templated":true}]}}