{"id":93756,"date":"2022-09-23T14:12:45","date_gmt":"2022-09-23T17:12:45","guid":{"rendered":"https:\/\/primicias2262.com\/?p=93756"},"modified":"2022-09-23T14:12:45","modified_gmt":"2022-09-23T17:12:45","slug":"aca-esta-la-muestra-del-conocimiento-el-trabajo-y-el-compromiso-de-los-chicos-en-sus-aulas","status":"publish","type":"post","link":"https:\/\/primicias2262.com\/noticias\/aca-esta-la-muestra-del-conocimiento-el-trabajo-y-el-compromiso-de-los-chicos-en-sus-aulas\/","title":{"rendered":"\u201cAc\u00e1 est\u00e1 la muestra del conocimiento, el trabajo y el compromiso de los chicos en sus aulas\u201d"},"content":{"rendered":"<p><strong>El intendente Arturo Rojas particip\u00f3 de la apertura de la 30\u00ba edici\u00f3n de la Feria Regional de Arte, Ciencia y Tecnolog\u00eda que se est\u00e1 plasmando en el Colegio Capuchinos, donde brind\u00f3 un discurso de apoyo y observ\u00f3 los stands con los m\u00e1s de 50 proyectos que est\u00e1n en carrera de cara a la etapa provincial. <\/strong><\/p>\n<p><strong>Hay participaci\u00f3n de escuelas del distrito, pero tambi\u00e9n de Lober\u00eda, San Cayetano, Balcarce y Tandil, con trabajos destinados al cuidado del medio ambiente y del agua, entre otros temas abordados.<\/strong><\/p>\n<p>Rojas encabez\u00f3 el acto de apertura de la 30\u00ba edici\u00f3n de la Feria Regional de Arte, Ciencia y Tecnolog\u00eda, que se desarrolla durante este viernes en el Colegio Nueva Pompeya (Capuchinos) con proyectos elaborados por escuelas de gesti\u00f3n p\u00fablica y privada de nuestra distrito pero, en esta instancia, con colegios tambi\u00e9n de Lober\u00eda, San Cayetano, Balcarce y Tandil.<\/p>\n<p>En su discurso, y antes de recorrer cada stand, el jefe comunal se\u00f1al\u00f3 que \u201cpara mi estar ac\u00e1 es un honor, participando y conociendo cada proyecto que han generado docentes y alumnos de cada instituci\u00f3n que lleg\u00f3 a esta etapa\u201d, en relaci\u00f3n a lo presentado por alumnos y alumnas de lo tres niveles educativos.<\/p>\n<div class=\"wp-block-media-text is-stacked-on-mobile\">\n<div class=\"wp-block-media-text__content\">\n<p>Luego, el jefe comunal se\u00f1al\u00f3 que \u201cson muy importantes este tipo de eventos que incentivan a los m\u00e1s peque\u00f1os pero tambi\u00e9n a los m\u00e1s grandes, quienes realizan proyectos que en definitiva son en beneficio de la comunidad\u201d.<\/p>\n<p>En cuanto a la feria, que cuenta con 53 muestras de la cuales nueve sacar\u00e1n pasaje a la etapa provincial, resalt\u00f3 que \u201cclaramente se viene fortaleciendo con el paso de los a\u00f1os, tom\u00e1ndose esto como una verdadera pol\u00edtica p\u00fablica en lo que tiene que ver con lo socio educativo, sea cual sea el gobierno de turno tanto a nivel nacional, provincial como municipal\u201d.<\/p>\n<\/div>\n<\/div>\n<p>\u201cEn definitiva ac\u00e1 est\u00e1 la muestra del conocimiento, el trabajo, el esfuerzo y el compromiso de los chicos en sus aulas, quienes se suman a la feria primero en la etapa local y ahora regional, y porque no despu\u00e9s de hoy en la provincial\u201d cerr\u00f3 Rojas, quien estuvo en la oportunidad junto a la secretaria de Desarrollo Humano y Pol\u00edticas Sociales, Sandra Antenucci, la directora de Educaci\u00f3n, Mariela Cellerino y la directora General Social, Patricia Britos, entre tantos representantes del arco educativo local pero tambi\u00e9n de las ciudades participantes.<\/p>\n","protected":false},"excerpt":{"rendered":"<p>El intendente Arturo Rojas particip\u00f3 de la apertura de la 30\u00ba edici\u00f3n de la Feria Regional de Arte, Ciencia y Tecnolog\u00eda que se est\u00e1 plasmando en el Colegio Capuchinos, donde brind\u00f3 un discurso de apoyo y observ\u00f3 los stands con los m\u00e1s de 50 proyectos que est\u00e1n en carrera de cara a la etapa provincial. [&hellip;]<\/p>\n","protected":false},"author":3,"featured_media":93757,"comment_status":"closed","ping_status":"closed","sticky":false,"template":"","format":"standard","meta":{"footnotes":""},"categories":[3],"tags":[],"class_list":["post-93756","post","type-post","status-publish","format-standard","has-post-thumbnail","category-masnoticias"],"_links":{"self":[{"href":"https:\/\/primicias2262.com\/noticias\/wp-json\/wp\/v2\/posts\/93756","targetHints":{"allow":["GET"]}}],"collection":[{"href":"https:\/\/primicias2262.com\/noticias\/wp-json\/wp\/v2\/posts"}],"about":[{"href":"https:\/\/primicias2262.com\/noticias\/wp-json\/wp\/v2\/types\/post"}],"author":[{"embeddable":true,"href":"https:\/\/primicias2262.com\/noticias\/wp-json\/wp\/v2\/users\/3"}],"replies":[{"embeddable":true,"href":"https:\/\/primicias2262.com\/noticias\/wp-json\/wp\/v2\/comments?post=93756"}],"version-history":[{"count":0,"href":"https:\/\/primicias2262.com\/noticias\/wp-json\/wp\/v2\/posts\/93756\/revisions"}],"wp:attachment":[{"href":"https:\/\/primicias2262.com\/noticias\/wp-json\/wp\/v2\/media?parent=93756"}],"wp:term":[{"taxonomy":"category","embeddable":true,"href":"https:\/\/primicias2262.com\/noticias\/wp-json\/wp\/v2\/categories?post=93756"},{"taxonomy":"post_tag","embeddable":true,"href":"https:\/\/primicias2262.com\/noticias\/wp-json\/wp\/v2\/tags?post=93756"}],"curies":[{"name":"wp","href":"https:\/\/api.w.org\/{rel}","templated":true}]}}