{"id":93759,"date":"2022-09-23T14:17:05","date_gmt":"2022-09-23T17:17:05","guid":{"rendered":"https:\/\/primicias2262.com\/?p=93759"},"modified":"2022-09-23T14:17:05","modified_gmt":"2022-09-23T17:17:05","slug":"abrieron-la-segunda-inscripcion-para-buenos-aires-crea","status":"publish","type":"post","link":"https:\/\/primicias2262.com\/noticias\/abrieron-la-segunda-inscripcion-para-buenos-aires-crea\/","title":{"rendered":"Abrieron la segunda inscripci\u00f3n para \u00abBuenos Aires CREA\u00bb"},"content":{"rendered":"<p>Ya est\u00e1 abierta la segunda inscripci\u00f3n para \u201cBuenos Aires CREA\u201d, un programa de cr\u00e9ditos accesibles destinado a quienes buscan <strong>realizar mejoras, refaccionar o ampliar su vivienda.<\/strong><\/p>\n<p>La\u00a0<strong>cuota no podr\u00e1 superar el 25% de tu ingreso mensual<\/strong><strong>\u00a0<\/strong>y la devoluci\u00f3n es entre 3 y 6 a\u00f1os. Ten\u00e9s tiempo para inscribirte hasta el pr\u00f3ximo 30 de septiembre.<\/p>\n<p><strong>Adem\u00e1s de impulsar la construcci\u00f3n y el empleo local, esta iniciativa permite que m\u00e1s bonaerenses puedan vivir mejor.<\/strong><\/p>\n","protected":false},"excerpt":{"rendered":"<p>Ya est\u00e1 abierta la segunda inscripci\u00f3n para \u201cBuenos Aires CREA\u201d, un programa de cr\u00e9ditos accesibles destinado a quienes buscan realizar mejoras, refaccionar o ampliar su vivienda. La\u00a0cuota no podr\u00e1 superar el 25% de tu ingreso mensual\u00a0y la devoluci\u00f3n es entre 3 y 6 a\u00f1os. Ten\u00e9s tiempo para inscribirte hasta el pr\u00f3ximo 30 de septiembre. Adem\u00e1s [&hellip;]<\/p>\n","protected":false},"author":3,"featured_media":92542,"comment_status":"closed","ping_status":"closed","sticky":false,"template":"","format":"standard","meta":{"footnotes":""},"categories":[3],"tags":[],"class_list":["post-93759","post","type-post","status-publish","format-standard","has-post-thumbnail","category-masnoticias"],"_links":{"self":[{"href":"https:\/\/primicias2262.com\/noticias\/wp-json\/wp\/v2\/posts\/93759","targetHints":{"allow":["GET"]}}],"collection":[{"href":"https:\/\/primicias2262.com\/noticias\/wp-json\/wp\/v2\/posts"}],"about":[{"href":"https:\/\/primicias2262.com\/noticias\/wp-json\/wp\/v2\/types\/post"}],"author":[{"embeddable":true,"href":"https:\/\/primicias2262.com\/noticias\/wp-json\/wp\/v2\/users\/3"}],"replies":[{"embeddable":true,"href":"https:\/\/primicias2262.com\/noticias\/wp-json\/wp\/v2\/comments?post=93759"}],"version-history":[{"count":0,"href":"https:\/\/primicias2262.com\/noticias\/wp-json\/wp\/v2\/posts\/93759\/revisions"}],"wp:attachment":[{"href":"https:\/\/primicias2262.com\/noticias\/wp-json\/wp\/v2\/media?parent=93759"}],"wp:term":[{"taxonomy":"category","embeddable":true,"href":"https:\/\/primicias2262.com\/noticias\/wp-json\/wp\/v2\/categories?post=93759"},{"taxonomy":"post_tag","embeddable":true,"href":"https:\/\/primicias2262.com\/noticias\/wp-json\/wp\/v2\/tags?post=93759"}],"curies":[{"name":"wp","href":"https:\/\/api.w.org\/{rel}","templated":true}]}}