{"id":93761,"date":"2022-09-23T14:24:32","date_gmt":"2022-09-23T17:24:32","guid":{"rendered":"https:\/\/primicias2262.com\/?p=93761"},"modified":"2022-09-23T14:24:32","modified_gmt":"2022-09-23T17:24:32","slug":"se-encienden-la-nuevas-luminarias-en-el-paseo-de-la-ribera","status":"publish","type":"post","link":"https:\/\/primicias2262.com\/noticias\/se-encienden-la-nuevas-luminarias-en-el-paseo-de-la-ribera\/","title":{"rendered":"Se encienden la nuevas luminarias en el Paseo de la Ribera"},"content":{"rendered":"<p>Este viernes a las 19.30 se inaugurar\u00e1 del nuevo tramo iluminado con sistema Led, que va desde el kil\u00f3metro 1 hasta el 2,6, en la Sociedad Espa\u00f1ola. \u201cA partir de ahora vamos a tener iluminado con Led desde el kil\u00f3metro cero en el Club Del Valle hasta la Sociedad Espa\u00f1ola\u201d, resalt\u00f3 con alegr\u00eda el doctor Ariel Gonz\u00e1lez durante una entrevista con el periodista Hugo Moller en el programa \u00abVoces de la ciudad\u00bb.<\/p>\n<p>Sin embargo, los festejos que se iban a realizar el domingo pasado y que fuera suspendida por el mal pron\u00f3stico del tiempo se realizar\u00e1 en noviembre.<\/p>\n<p>En cuanto a la fiersta que qued\u00f3 trunca, Gonz\u00e1lez manifest\u00f3 que \u201csignifica el retorno de la pandemia, ya que nosotros ten\u00edamos un r\u00e9gimen de dos fiestas anuales y ya est\u00e1bamos masticando la fiesta de abril de 2020 cuando apareci\u00f3 el virus y arruin\u00f3 todo. As\u00ed que es como retomar las fiestas del Paseo que a nosotros nos sirven mucho porque con las recaudaciones logramos cosas\u201d.<\/p>\n<p>Asimismo, \u201cla idea de la fiesta tambi\u00e9n es que la gente se empiece a amigar con pasar el d\u00eda y una tarde en el r\u00edo, que es algo que se hace en la playa pero no se acostumbra a hacerlo en el r\u00edo, y esta ocasi\u00f3n era especial por varios motivos, pero lamentablemente no pudo ser\u201d, aunque en ese marco ya hay una fecha alternativa y comunic\u00f3 que \u201cdefinimos que la fiesta sea el domingo 13 de noviembre, ya que octubre es todo fiesta de Necochea y D\u00eda de la Madre y ser\u00eda sobrecargar el mes\u201d.<\/p>\n<p>Sobre el gran presente de la Ribera, Gonz\u00e1lez concluy\u00f3 diciendo en la nota que \u201chay una gran cantidad de gente que se vuelca a cualquier hora y con la luz eso va a ser m\u00e1s amplio todav\u00eda, en las noches lindas y apacibles para dar una vuelta caminando o en bicicleta. Es m\u00e1s, los vecinos que tienen emprendimientos habitacionales tienen todos los fines de semana las caba\u00f1as ocupadas a pleno, es un fen\u00f3meno que no ha sido muy difundido en forma masiva, pero las caba\u00f1as del R\u00edo son una realidad y est\u00e1n ocupadas a pleno todo el a\u00f1o, y muchas veces son usadas por gente que viene de afuera\u201d.<\/p>\n","protected":false},"excerpt":{"rendered":"<p>Este viernes a las 19.30 se inaugurar\u00e1 del nuevo tramo iluminado con sistema Led, que va desde el kil\u00f3metro 1 hasta el 2,6, en la Sociedad Espa\u00f1ola. \u201cA partir de ahora vamos a tener iluminado con Led desde el kil\u00f3metro cero en el Club Del Valle hasta la Sociedad Espa\u00f1ola\u201d, resalt\u00f3 con alegr\u00eda el doctor [&hellip;]<\/p>\n","protected":false},"author":3,"featured_media":93762,"comment_status":"closed","ping_status":"closed","sticky":false,"template":"","format":"standard","meta":{"footnotes":""},"categories":[3],"tags":[],"class_list":["post-93761","post","type-post","status-publish","format-standard","has-post-thumbnail","category-masnoticias"],"_links":{"self":[{"href":"https:\/\/primicias2262.com\/noticias\/wp-json\/wp\/v2\/posts\/93761","targetHints":{"allow":["GET"]}}],"collection":[{"href":"https:\/\/primicias2262.com\/noticias\/wp-json\/wp\/v2\/posts"}],"about":[{"href":"https:\/\/primicias2262.com\/noticias\/wp-json\/wp\/v2\/types\/post"}],"author":[{"embeddable":true,"href":"https:\/\/primicias2262.com\/noticias\/wp-json\/wp\/v2\/users\/3"}],"replies":[{"embeddable":true,"href":"https:\/\/primicias2262.com\/noticias\/wp-json\/wp\/v2\/comments?post=93761"}],"version-history":[{"count":0,"href":"https:\/\/primicias2262.com\/noticias\/wp-json\/wp\/v2\/posts\/93761\/revisions"}],"wp:attachment":[{"href":"https:\/\/primicias2262.com\/noticias\/wp-json\/wp\/v2\/media?parent=93761"}],"wp:term":[{"taxonomy":"category","embeddable":true,"href":"https:\/\/primicias2262.com\/noticias\/wp-json\/wp\/v2\/categories?post=93761"},{"taxonomy":"post_tag","embeddable":true,"href":"https:\/\/primicias2262.com\/noticias\/wp-json\/wp\/v2\/tags?post=93761"}],"curies":[{"name":"wp","href":"https:\/\/api.w.org\/{rel}","templated":true}]}}