{"id":93774,"date":"2022-09-24T14:17:56","date_gmt":"2022-09-24T17:17:56","guid":{"rendered":"https:\/\/primicias2262.com\/?p=93774"},"modified":"2022-09-24T14:17:56","modified_gmt":"2022-09-24T17:17:56","slug":"y-una-noche-el-rio-se-ilumino-esto-es-una-ilusion-de-toda-la-vida","status":"publish","type":"post","link":"https:\/\/primicias2262.com\/noticias\/y-una-noche-el-rio-se-ilumino-esto-es-una-ilusion-de-toda-la-vida\/","title":{"rendered":"Y una noche, el r\u00edo se ilumin\u00f3: \u201cEsto es una ilusi\u00f3n de toda la vida\u201d"},"content":{"rendered":"<p><strong>El tendido Led, instalado con recursos propios del municipio sobre la margen necochense del R\u00edo Quequ\u00e9n, ya es una realidad, tanto como la posibilidad de proyectar un nuevo desarrollo para la zona. \u201cEstoy tan emocionado que voy a largar las l\u00e1grimas en cualquier momento\u201d, asegur\u00f3 Oscar, un vecino que habita el lugar hace casi seis d\u00e9cadas, al ver c\u00f3mo se prend\u00edan las nuevas luces.<\/strong><\/p>\n<p>Cuando la tarde de este viernes comenzaba a caer y la noche volv\u00eda a evocar la oscuridad habitual que acompa\u00f1aba a la Ribera del R\u00edo Quequ\u00e9n desde sus comienzos como zona residencial, de repente, las nuevas luminarias se encendieron y el paseo volvi\u00f3 a resplandecer, a\u00fan sin los rayos de sol que lo acompa\u00f1aban minutos antes.<\/p>\n<p>La inauguraci\u00f3n del nuevo tendido de alumbrado p\u00fablico instalado con recursos propios del municipio sobre la margen necochense del cauce, que desde ahora cuenta con cuatro decenas de luces led de 250 W, algunas montadas sobre nuevas columnas, que alumbran el recorrido desde la calle 66 hasta el complejo de la Sociedad Espa\u00f1ola, a metros de la Avenida 98, ya es una realidad.<\/p>\n<p>Una realidad que paraliz\u00f3 a los vecinos m\u00e1s j\u00f3venes, pero, en especial, a aquellos que habitan el lugar desde que era un lugar descampado, casi olvidado, en el peque\u00f1o acto de inauguraci\u00f3n que se dio ayer y que fue encabezado por el propio intendente Arturo Rojas.<\/p>\n<p>\u201cEstoy tan emocionado que voy a largar las l\u00e1grimas en cualquier momento\u201d, cont\u00f3 Oscar Armani, visiblemente conmocionado, despu\u00e9s de escuchar el discurso del mandatario local. \u201cEsto es una ilusi\u00f3n de toda la vida\u201d, asegur\u00f3 uno de los primeros residentes del lugar.<\/p>\n<p>El necochense por adopci\u00f3n se radic\u00f3 en nuestra ciudad all\u00e1 por el a\u00f1o 1965, un destino que visitaba desde los 3 a\u00f1os de la mano de su padre. Enamorado del campo, en la ribera pudo trabajar un pedazo de tierra y vivir de eso. All\u00ed, form\u00f3 su familia, construy\u00f3 su casa, \u201cluchando a brazo partido como todo el que empieza de abajo\u201d.<\/p>\n<p>Pero el campo un d\u00eda se empez\u00f3 a poblar. \u201cYo vislumbraba esto. Dec\u00eda: \u2018mir\u00e1 lo que tenemos ac\u00e1, es una belleza, en pocos lugares de la Argentina hay un r\u00edo como este y en Necochea no le daban pelota\u2019. Esto es un adelanto b\u00e1rbaro\u201d, testific\u00f3.<\/p>\n<p>\u201cDesde que nos juntamos los vecinos, har\u00e1 unos diez a\u00f1os, cada vez con m\u00e1s entusiasmo, porque se ven los frutos y eso te da alicientes, ahora la Municipalidad abri\u00f3 los ojos y dijeron \u2018ac\u00e1 hay un potencial b\u00e1rbaro\u2019. Y, gracias a Dios, el Gobierno vio la posibilidad que hay y nos est\u00e1 ayudando\u201d.<\/p>\n<p>\u201cEsto va a traer m\u00e1s gente, porque Necochea no solo son los 45 d\u00edas de playa, esto tiene un potencial de desarrollo enorme para todo el a\u00f1o, que hay que promocionar con todo, a nivel pa\u00eds\u201d, asever\u00f3 el hist\u00f3rico vecino.<\/p>\n<p>Tambi\u00e9n Jos\u00e9 Luis Ru\u00edz, el actual presidente de la Sociedad Espa\u00f1ola, se sum\u00f3 al evento que dej\u00f3 inaugurada las nuevas luces Led. \u201cEstamos s\u00faper contentos\u201d, dijo en representaci\u00f3n de los suyos, \u201cprimero con el municipio y, obviamente, con los vecinos, porque sabemos el esfuerzo que han hecho\u201d.<\/p>\n<p>\u201cCuando vi las luces reci\u00e9n prendidas no lo pod\u00eda creer\u201d; asegur\u00f3 la autoridad de la entidad, revelando que \u201cnosotros hemos ido a usar el predio totalmente a oscuras y encontrarlo as\u00ed te emociona, la verdad que es muy lindo\u201d, ratific\u00f3.<\/p>\n<p>Adem\u00e1s, ponder\u00f3 el accionar de la comuna: \u201cIndudablemente, ac\u00e1 el puntapi\u00e9 inicial lo dieron los vecinos, pero obviamente el Estado estuvo presente. Sin el Estado presente esto no ser\u00eda posible\u201d.<\/p>\n<p>\u201cEsta es una ciudad que, por suerte, tiene un abanico de propuestas para el turista m\u00e1s que importante: tenemos el mar, que es algo inigualable; tenemos un parque gigante, tenemos m\u00e9danos gigantes, tenemos campos y tenemos esto, que hay ciudades que se morir\u00edan por tener\u201d.<\/p>\n<p>Entonces, \u201ccreo que este es un puntapi\u00e9 inicial para que el turismo deje de dar la vuelta en la 83 y la Avenida 2 y se expanda para ac\u00e1, por supuesto que eso va a requerir de servicios\u201d, pero \u201ccreo que con el tiempo el necochense se va a dar cuenta que no solamente hay que mirar hacia el mar, sino que hacia dentro del distrito encontramos estos lugares que son encantadores\u00bb.<\/p>\n<p>\u00abUno que ha recorrido el pa\u00eds, con muchos menos recursos naturales en cualquier lugar te hacen una maravilla, y estos son recursos totalmente naturales y propios\u201d, expres\u00f3.<\/p>\n","protected":false},"excerpt":{"rendered":"<p>El tendido Led, instalado con recursos propios del municipio sobre la margen necochense del R\u00edo Quequ\u00e9n, ya es una realidad, tanto como la posibilidad de proyectar un nuevo desarrollo para la zona. \u201cEstoy tan emocionado que voy a largar las l\u00e1grimas en cualquier momento\u201d, asegur\u00f3 Oscar, un vecino que habita el lugar hace casi seis [&hellip;]<\/p>\n","protected":false},"author":3,"featured_media":93775,"comment_status":"closed","ping_status":"closed","sticky":false,"template":"","format":"standard","meta":{"footnotes":""},"categories":[3],"tags":[],"class_list":["post-93774","post","type-post","status-publish","format-standard","has-post-thumbnail","category-masnoticias"],"_links":{"self":[{"href":"https:\/\/primicias2262.com\/noticias\/wp-json\/wp\/v2\/posts\/93774","targetHints":{"allow":["GET"]}}],"collection":[{"href":"https:\/\/primicias2262.com\/noticias\/wp-json\/wp\/v2\/posts"}],"about":[{"href":"https:\/\/primicias2262.com\/noticias\/wp-json\/wp\/v2\/types\/post"}],"author":[{"embeddable":true,"href":"https:\/\/primicias2262.com\/noticias\/wp-json\/wp\/v2\/users\/3"}],"replies":[{"embeddable":true,"href":"https:\/\/primicias2262.com\/noticias\/wp-json\/wp\/v2\/comments?post=93774"}],"version-history":[{"count":0,"href":"https:\/\/primicias2262.com\/noticias\/wp-json\/wp\/v2\/posts\/93774\/revisions"}],"wp:attachment":[{"href":"https:\/\/primicias2262.com\/noticias\/wp-json\/wp\/v2\/media?parent=93774"}],"wp:term":[{"taxonomy":"category","embeddable":true,"href":"https:\/\/primicias2262.com\/noticias\/wp-json\/wp\/v2\/categories?post=93774"},{"taxonomy":"post_tag","embeddable":true,"href":"https:\/\/primicias2262.com\/noticias\/wp-json\/wp\/v2\/tags?post=93774"}],"curies":[{"name":"wp","href":"https:\/\/api.w.org\/{rel}","templated":true}]}}