{"id":93780,"date":"2022-09-24T14:30:57","date_gmt":"2022-09-24T17:30:57","guid":{"rendered":"https:\/\/primicias2262.com\/?p=93780"},"modified":"2022-09-24T14:30:57","modified_gmt":"2022-09-24T17:30:57","slug":"estudiantes-de-6-ano-de-la-escuela-secundaria-n-7-visitaron-el-concejo-deliberante","status":"publish","type":"post","link":"https:\/\/primicias2262.com\/noticias\/estudiantes-de-6-ano-de-la-escuela-secundaria-n-7-visitaron-el-concejo-deliberante\/","title":{"rendered":"Estudiantes de 6\u00b0 a\u00f1o de la Escuela Secundaria N\u00b0 7 visitaron el Concejo Deliberante"},"content":{"rendered":"<p>El Concejo Deliberante unform\u00f3 que este\u00a0 viernes 23 de septiembre, en el marco del Programa \u00abConcejo Cerca\u00bb, 33 alumnos y alumnas de 6\u00b0 a\u00f1o de la Escuela Secundaria N\u00b0 7 realizaron una visita guiada al edificio del cuerpo deliberativo.<\/p>\n<p>Los anfitriones del grupo fueron la secretaria del HCD, Silvia Jensen, los concejales Bernardo Amilcar, Juan Pedro Arabarco y Mauro Velazquez y el director del \u00e1rea de Relaciones Institucionales, Hugo Senzaqcua.<\/p>\n<p>Acompa\u00f1aron a los alumnos la profesora de Trabajo y Ciudadan\u00eda, Lorena Niquen Rossi y la preceptora Veronica Reina.<\/p>\n<p>Luego de la exposici\u00f3n del funcionamiento y m\u00e9todo de trabajo del Concejo Deliberante, los alumnos realizaron una recorrida por el paseo de la L\u00ednea Hist\u00f3rica en el Sal\u00f3n de los Pasos Perdidos y por las diversas oficinas del HCD.<\/p>\n<p>Finalmente se les entreg\u00f3 a cada uno de los visitantes un ejemplar de la revista del HCD Necochea \u00abConcejo Abierto\u00bb.<\/p>\n","protected":false},"excerpt":{"rendered":"<p>El Concejo Deliberante unform\u00f3 que este\u00a0 viernes 23 de septiembre, en el marco del Programa \u00abConcejo Cerca\u00bb, 33 alumnos y alumnas de 6\u00b0 a\u00f1o de la Escuela Secundaria N\u00b0 7 realizaron una visita guiada al edificio del cuerpo deliberativo. Los anfitriones del grupo fueron la secretaria del HCD, Silvia Jensen, los concejales Bernardo Amilcar, Juan [&hellip;]<\/p>\n","protected":false},"author":3,"featured_media":93781,"comment_status":"closed","ping_status":"closed","sticky":false,"template":"","format":"standard","meta":{"footnotes":""},"categories":[3],"tags":[],"class_list":["post-93780","post","type-post","status-publish","format-standard","has-post-thumbnail","category-masnoticias"],"_links":{"self":[{"href":"https:\/\/primicias2262.com\/noticias\/wp-json\/wp\/v2\/posts\/93780","targetHints":{"allow":["GET"]}}],"collection":[{"href":"https:\/\/primicias2262.com\/noticias\/wp-json\/wp\/v2\/posts"}],"about":[{"href":"https:\/\/primicias2262.com\/noticias\/wp-json\/wp\/v2\/types\/post"}],"author":[{"embeddable":true,"href":"https:\/\/primicias2262.com\/noticias\/wp-json\/wp\/v2\/users\/3"}],"replies":[{"embeddable":true,"href":"https:\/\/primicias2262.com\/noticias\/wp-json\/wp\/v2\/comments?post=93780"}],"version-history":[{"count":0,"href":"https:\/\/primicias2262.com\/noticias\/wp-json\/wp\/v2\/posts\/93780\/revisions"}],"wp:attachment":[{"href":"https:\/\/primicias2262.com\/noticias\/wp-json\/wp\/v2\/media?parent=93780"}],"wp:term":[{"taxonomy":"category","embeddable":true,"href":"https:\/\/primicias2262.com\/noticias\/wp-json\/wp\/v2\/categories?post=93780"},{"taxonomy":"post_tag","embeddable":true,"href":"https:\/\/primicias2262.com\/noticias\/wp-json\/wp\/v2\/tags?post=93780"}],"curies":[{"name":"wp","href":"https:\/\/api.w.org\/{rel}","templated":true}]}}