{"id":93783,"date":"2022-09-24T14:35:46","date_gmt":"2022-09-24T17:35:46","guid":{"rendered":"https:\/\/primicias2262.com\/?p=93783"},"modified":"2022-09-24T14:35:46","modified_gmt":"2022-09-24T17:35:46","slug":"turiaci-explico-como-funcionara-la-campana-nacional-de-vacunacion","status":"publish","type":"post","link":"https:\/\/primicias2262.com\/noticias\/turiaci-explico-como-funcionara-la-campana-nacional-de-vacunacion\/","title":{"rendered":"Turiaci explic\u00f3 c\u00f3mo funcionar\u00e1 la Campa\u00f1a Nacional de Vacunaci\u00f3n"},"content":{"rendered":"<p><strong>Desde el 1\u00ba de octubre hasta el 13 de noviembre se vacunar\u00e1 a ni\u00f1os de 13 meses a 4 a\u00f1os, inclusive, contra el sarampi\u00f3n, paperas, rub\u00e9ola y poliomielitis. En Necochea hay alrededor de 5 mil chicos de esa edad.<\/strong><\/p>\n<p>En di\u00e1logo telef\u00f3nico con el periodista Hugo Moller en \u201cVoces de la Ciudad\u201d, la coordinadora de Atenci\u00f3n Primaria, Adriana Turiaci, especific\u00f3 que primeramente abordar\u00e1n todos los jardines de infantes y luego lo har\u00e1n en centros de salud e instituciones. \u201cSi bien comienza el 1\u00ba de octubre que es s\u00e1bado, el lunes 3 ser\u00e1 efectiva la campa\u00f1a en los jardines\u201d, aclar\u00f3.<\/p>\n<p>Se trata de una campa\u00f1a nacional de vacunaci\u00f3n contra el sarampi\u00f3n, paperas, rub\u00e9ola y poliomielitis, y \u201csi bien estas patolog\u00edas no son end\u00e9micas en nuestro pa\u00eds y pr\u00e1cticamente est\u00e1n extinguidas, somos un pa\u00eds que recibe much\u00edsimo turismo y en el mundo estas patolog\u00edas siguen apareciendo y son muy contagiosas, as\u00ed que no hay mejor m\u00e9todo seguro y eficaz que utilizar las vacunas que tenemos\u201d, asever\u00f3.<\/p>\n<p>La profesional detall\u00f3 sobre el despliegue de la campa\u00f1a en Necochea que \u201cdurante las dos primeras semanas tenemos como objetivo vacunar en los jardines maternales y de infantes porque la poblaci\u00f3n a la que est\u00e1 dirigida es de 13 meses a un d\u00eda antes de cumplir los 5 a\u00f1os. En Necochea tenemos alrededor de 5 mil chicos en esta edad y ojala pudi\u00e9ramos llegar al 100% porque la campa\u00f1a nos exige el 95% y hay que moverse mucho\u201d.<\/p>\n<p>En esos primeros 15 d\u00edas, \u201cpretendemos cubrir el 50% de la poblaci\u00f3n, para luego abocarnos en seguir en los diferentes centros de salud, clubes, merenderos, comedores y donde haya chicos\u201d, sostuvo Turiaci, para subrayar que \u201ces una campa\u00f1a gratuita y obligatoria\u201d.<\/p>\n<p>Asimismo, remarc\u00f3 que \u201ces una campa\u00f1a con una vacuna extra a la del calendario. No importa si el chiquito ya fue vacunado con la triple viral o la vacuna salk, sino que daremos una dosis extra para reforzar el calendario, y a su vez recuperar, porque durante la pandemia perdimos un mont\u00f3n de vacunaci\u00f3n y los porcentajes cayeron much\u00edsimo\u201d<\/p>\n<p>Finalmente a\u00f1adi\u00f3 que \u201ca lo mejor los padres no ven la urgencia o preguntan por qu\u00e9 hay que hacer una vacuna extra si el hijo ya est\u00e1 vacunado, pero el virus tiene reservorio humano, queda en nosotros y es de muy f\u00e1cil contagio. Por ello la urgencia de tener inmunizados a nuestros chicos\u201d.<\/p>\n<p>Finalmente, Adriana valor\u00f3 que \u201cagradecemos la buena predisposici\u00f3n de las inspectoras distritales, rectoras y directoras de los colegios porque vamos a trabajar adentro de los mismos\u201d, y aclar\u00f3 que \u201clos padres van a recibir una autorizaci\u00f3n que es universal de parte del Ministerio y se va a pedir que el que pueda acompa\u00f1e a su hijo porque es un grupo de muy chiquitos, y ser\u00e1 en el horario que ellos asisten al colegio en los dos turnos, ma\u00f1ana y tarde\u201d.<\/p>\n","protected":false},"excerpt":{"rendered":"<p>Desde el 1\u00ba de octubre hasta el 13 de noviembre se vacunar\u00e1 a ni\u00f1os de 13 meses a 4 a\u00f1os, inclusive, contra el sarampi\u00f3n, paperas, rub\u00e9ola y poliomielitis. En Necochea hay alrededor de 5 mil chicos de esa edad. En di\u00e1logo telef\u00f3nico con el periodista Hugo Moller en \u201cVoces de la Ciudad\u201d, la coordinadora de [&hellip;]<\/p>\n","protected":false},"author":3,"featured_media":86682,"comment_status":"closed","ping_status":"closed","sticky":false,"template":"","format":"standard","meta":{"footnotes":""},"categories":[3],"tags":[],"class_list":["post-93783","post","type-post","status-publish","format-standard","has-post-thumbnail","category-masnoticias"],"_links":{"self":[{"href":"https:\/\/primicias2262.com\/noticias\/wp-json\/wp\/v2\/posts\/93783","targetHints":{"allow":["GET"]}}],"collection":[{"href":"https:\/\/primicias2262.com\/noticias\/wp-json\/wp\/v2\/posts"}],"about":[{"href":"https:\/\/primicias2262.com\/noticias\/wp-json\/wp\/v2\/types\/post"}],"author":[{"embeddable":true,"href":"https:\/\/primicias2262.com\/noticias\/wp-json\/wp\/v2\/users\/3"}],"replies":[{"embeddable":true,"href":"https:\/\/primicias2262.com\/noticias\/wp-json\/wp\/v2\/comments?post=93783"}],"version-history":[{"count":0,"href":"https:\/\/primicias2262.com\/noticias\/wp-json\/wp\/v2\/posts\/93783\/revisions"}],"wp:attachment":[{"href":"https:\/\/primicias2262.com\/noticias\/wp-json\/wp\/v2\/media?parent=93783"}],"wp:term":[{"taxonomy":"category","embeddable":true,"href":"https:\/\/primicias2262.com\/noticias\/wp-json\/wp\/v2\/categories?post=93783"},{"taxonomy":"post_tag","embeddable":true,"href":"https:\/\/primicias2262.com\/noticias\/wp-json\/wp\/v2\/tags?post=93783"}],"curies":[{"name":"wp","href":"https:\/\/api.w.org\/{rel}","templated":true}]}}