{"id":93803,"date":"2022-09-25T14:08:58","date_gmt":"2022-09-25T17:08:58","guid":{"rendered":"https:\/\/primicias2262.com\/?p=93803"},"modified":"2022-09-25T14:08:58","modified_gmt":"2022-09-25T17:08:58","slug":"se-retiro-el-monumento-caracteristico-de-la-plaza-neptuno-para-su-restauracion","status":"publish","type":"post","link":"https:\/\/primicias2262.com\/noticias\/se-retiro-el-monumento-caracteristico-de-la-plaza-neptuno-para-su-restauracion\/","title":{"rendered":"Se retir\u00f3 el monumento caracter\u00edstico de la Plaza Neptuno para su restauraci\u00f3n"},"content":{"rendered":"<p><strong>Desde hace tiempo el municipio se encuentra interviniendo el lugar con mejoras visibles, pero en esta ocasi\u00f3n, mientras se apunta a la reforestaci\u00f3n, colocaci\u00f3n de luces y bancos de madera, el objetivo primordial es recuperar a nuevo el monolito original.<\/strong><\/p>\n<p>La Secretaria de Planeamiento y Obras P\u00fablicas se encuentra mejorando la Plaza Neptuno de Av. 2 y 99, ubicada frente a la playa, poniendo en valor el lugar pero tambi\u00e9n ahora la estatua que lo caracteriza, que vale decir ya fue retirada para su restauraci\u00f3n, lo que demorar\u00e1 alrededor de dos meses dado el deterioro en la que se encontraba.<\/p>\n<p>Cabe recordar que ese espacio p\u00fablico ya empez\u00f3 a ser intervenido oportunamente, donde se arregl\u00f3 la vereda y se acondicion\u00f3 la bajada p\u00fablica, con la colocaci\u00f3n de la barrera para la arena, para darle lugar prontamente a la reforestaci\u00f3n con plantas del Vivero municipal, la colocaci\u00f3n de luces triales y bancos de hormig\u00f3n y madera.<\/p>\n<p>En cuanto a la estatua, fue retirada d\u00edas pasados para su reparaci\u00f3n, trabajo a cargo del artista, y parte del plantel estable del municipio, Ariel Esposito.<\/p>\n","protected":false},"excerpt":{"rendered":"<p>Desde hace tiempo el municipio se encuentra interviniendo el lugar con mejoras visibles, pero en esta ocasi\u00f3n, mientras se apunta a la reforestaci\u00f3n, colocaci\u00f3n de luces y bancos de madera, el objetivo primordial es recuperar a nuevo el monolito original. La Secretaria de Planeamiento y Obras P\u00fablicas se encuentra mejorando la Plaza Neptuno de Av. [&hellip;]<\/p>\n","protected":false},"author":3,"featured_media":93805,"comment_status":"closed","ping_status":"closed","sticky":false,"template":"","format":"standard","meta":{"footnotes":""},"categories":[3],"tags":[],"class_list":["post-93803","post","type-post","status-publish","format-standard","has-post-thumbnail","category-masnoticias"],"_links":{"self":[{"href":"https:\/\/primicias2262.com\/noticias\/wp-json\/wp\/v2\/posts\/93803","targetHints":{"allow":["GET"]}}],"collection":[{"href":"https:\/\/primicias2262.com\/noticias\/wp-json\/wp\/v2\/posts"}],"about":[{"href":"https:\/\/primicias2262.com\/noticias\/wp-json\/wp\/v2\/types\/post"}],"author":[{"embeddable":true,"href":"https:\/\/primicias2262.com\/noticias\/wp-json\/wp\/v2\/users\/3"}],"replies":[{"embeddable":true,"href":"https:\/\/primicias2262.com\/noticias\/wp-json\/wp\/v2\/comments?post=93803"}],"version-history":[{"count":0,"href":"https:\/\/primicias2262.com\/noticias\/wp-json\/wp\/v2\/posts\/93803\/revisions"}],"wp:attachment":[{"href":"https:\/\/primicias2262.com\/noticias\/wp-json\/wp\/v2\/media?parent=93803"}],"wp:term":[{"taxonomy":"category","embeddable":true,"href":"https:\/\/primicias2262.com\/noticias\/wp-json\/wp\/v2\/categories?post=93803"},{"taxonomy":"post_tag","embeddable":true,"href":"https:\/\/primicias2262.com\/noticias\/wp-json\/wp\/v2\/tags?post=93803"}],"curies":[{"name":"wp","href":"https:\/\/api.w.org\/{rel}","templated":true}]}}