{"id":93807,"date":"2022-09-25T14:18:58","date_gmt":"2022-09-25T17:18:58","guid":{"rendered":"https:\/\/primicias2262.com\/?p=93807"},"modified":"2022-09-25T14:18:58","modified_gmt":"2022-09-25T17:18:58","slug":"lescano-alerto-con-preocupacion-sobre-el-aumento-de-violencia-en-las-escuelas-y-suicidios-en-la-ciudad","status":"publish","type":"post","link":"https:\/\/primicias2262.com\/noticias\/lescano-alerto-con-preocupacion-sobre-el-aumento-de-violencia-en-las-escuelas-y-suicidios-en-la-ciudad\/","title":{"rendered":"Lescano alert\u00f3 con preocupaci\u00f3n sobre el aumento de violencia en las escuelas y suicidios en la ciudad"},"content":{"rendered":"<p>El docente y referente del Movimiento Evita, Luciano Lescano, visit\u00f3 los estudios de \u201cVoces de la Ciudad\u201d en el marco de la entrega de diplomas por la Diplomatura de Trabajo Sociocomunitario que baj\u00f3 de la Universidad de La Matanza y se curs\u00f3 durante 2021 en el Centro Cultural de Necochea, contexto en el que brind\u00f3 su preocupante observaci\u00f3n de ciertos flagelos que no paran de crecer en la sociedad.<\/p>\n<p>En di\u00e1logo con el periodista Hugo Moller, Lescano coment\u00f3 que \u201ccomo movimientos sociales y populares queremos llenar de contenido el territorio y que no solo nos quedemos en la asistencia de m\u00f3dulos alimentarios a las familias, como son los casos de las distintas unidades barriales: Ovillito, Los \u00c1lamos, Malvones, Estrellita o Terminal, sino que tambi\u00e9n poder reflexionar sobre ciertas pr\u00e1cticas y ver de qu\u00e9 manera trabajar en red con el Estado\u201d.<\/p>\n<p>En tal sentido, revel\u00f3 que \u201csomos una de las organizaciones que impuls\u00f3 la Mesa Social de Necochea hace cuatro a\u00f1os a trav\u00e9s de la cual buscamos tener di\u00e1logo con el Ejecutivo local y con otras instancias provinciales y nacionales, y esta semana discut\u00edamos el tema de la salud mental, algo que estamos viendo con mucha preocupaci\u00f3n. Pero no solo el tema de las patolog\u00edas mentales, sino las consecuencias del consumo problem\u00e1tico de las drogas, que se profundiz\u00f3 en pandemia, con j\u00f3venes que lamentablemente han perdido la vida\u201d.<\/p>\n<p>Con tono de alerta, el profesor se\u00f1al\u00f3 que \u201cla idea es ver de qu\u00e9 manera abordarlo, nos preguntamos qu\u00e9 est\u00e1 pasando, que justo en este periodo ha aumentado el \u00edndice de suicidio\u201d, e incluso, \u201ccomo docente veo un incremento de la violencia en las escuelas. Hemos visto varios hechos, observamos una golpiza hacia un joven en el centro de la ciudad, en redes sociales vemos que aparecen j\u00f3venes autoflagel\u00e1ndose en Tik Tok, y son hechos que nos alertan preocupantemente, y necesitamos accionar desde el Estado\u201d.<\/p>\n<p>Justamente \u201cde eso trata el trabajo sociocomunitario y esta diplomatura, para coordinar luego como unidad barrial con escuelas, espacios de orientaci\u00f3n escolar, trabajadores sociales y psic\u00f3logas, que son las que primero detectan en las escuelas las conductas, y que a su vez quienes est\u00e1n a cargos de estas unidades barriales y comedores tengan herramientas para ver c\u00f3mo abordar y c\u00f3mo manejarse, ya que muchos de esos adolescentes est\u00e1n en los barrios los fines de semana o durante el verano en vacaciones, as\u00ed que hay que prevenirlo. El Estado Municipal tiene que tomar nota y todas las instituciones tenemos que colaborar\u201d.<\/p>\n<p>Sobre el hecho de la violencia en las escuelas, Lescano ampli\u00f3 que \u201calgo que me llama la atenci\u00f3n es que la mayor\u00eda son peleas de mujeres: se pelean en los patios y se filman, lo suben a las redes y arman cuentas de Instagram adonde solo ellos tienen acceso y ven las peleas de la escuela o en las plazas, cuentas adonde los adultos no tenemos acceso\u201d.<\/p>\n<p>\u201cAh\u00ed tenemos que trabajar con los chicos\u2026 son \u00e9pocas de redes sociales, siempre hubo peleas en las escuelas, pero no en el nivel que lo estoy viendo, y encima con la exaltaci\u00f3n de esos hechos, y se da casi todos los d\u00edas en escuelas de diferente nivel, c\u00e9ntricas incluso, ya dej\u00f3 de ser un hecho solo de las escuelas de la periferia\u201d, concluy\u00f3 el referente peronista.<\/p>\n","protected":false},"excerpt":{"rendered":"<p>El docente y referente del Movimiento Evita, Luciano Lescano, visit\u00f3 los estudios de \u201cVoces de la Ciudad\u201d en el marco de la entrega de diplomas por la Diplomatura de Trabajo Sociocomunitario que baj\u00f3 de la Universidad de La Matanza y se curs\u00f3 durante 2021 en el Centro Cultural de Necochea, contexto en el que brind\u00f3 [&hellip;]<\/p>\n","protected":false},"author":3,"featured_media":93808,"comment_status":"closed","ping_status":"closed","sticky":false,"template":"","format":"standard","meta":{"footnotes":""},"categories":[3],"tags":[],"class_list":["post-93807","post","type-post","status-publish","format-standard","has-post-thumbnail","category-masnoticias"],"_links":{"self":[{"href":"https:\/\/primicias2262.com\/noticias\/wp-json\/wp\/v2\/posts\/93807","targetHints":{"allow":["GET"]}}],"collection":[{"href":"https:\/\/primicias2262.com\/noticias\/wp-json\/wp\/v2\/posts"}],"about":[{"href":"https:\/\/primicias2262.com\/noticias\/wp-json\/wp\/v2\/types\/post"}],"author":[{"embeddable":true,"href":"https:\/\/primicias2262.com\/noticias\/wp-json\/wp\/v2\/users\/3"}],"replies":[{"embeddable":true,"href":"https:\/\/primicias2262.com\/noticias\/wp-json\/wp\/v2\/comments?post=93807"}],"version-history":[{"count":0,"href":"https:\/\/primicias2262.com\/noticias\/wp-json\/wp\/v2\/posts\/93807\/revisions"}],"wp:attachment":[{"href":"https:\/\/primicias2262.com\/noticias\/wp-json\/wp\/v2\/media?parent=93807"}],"wp:term":[{"taxonomy":"category","embeddable":true,"href":"https:\/\/primicias2262.com\/noticias\/wp-json\/wp\/v2\/categories?post=93807"},{"taxonomy":"post_tag","embeddable":true,"href":"https:\/\/primicias2262.com\/noticias\/wp-json\/wp\/v2\/tags?post=93807"}],"curies":[{"name":"wp","href":"https:\/\/api.w.org\/{rel}","templated":true}]}}