{"id":93810,"date":"2022-09-25T14:26:57","date_gmt":"2022-09-25T17:26:57","guid":{"rendered":"https:\/\/primicias2262.com\/?p=93810"},"modified":"2022-09-25T14:26:57","modified_gmt":"2022-09-25T17:26:57","slug":"el-60-de-la-poblacion-cree-que-el-atentado-a-la-vicepresidenta-es-todo-un-invento","status":"publish","type":"post","link":"https:\/\/primicias2262.com\/noticias\/el-60-de-la-poblacion-cree-que-el-atentado-a-la-vicepresidenta-es-todo-un-invento\/","title":{"rendered":"\u201cEl 60% de la poblaci\u00f3n cree que el atentado a la vicepresidenta es todo un invento\u201d"},"content":{"rendered":"<p>As\u00ed lo afirm\u00f3 la referente local del Movimiento Social por la Rep\u00fablica, Mara Laxalt, quien repudi\u00f3 ampliamente el ataque a Cristina Fern\u00e1ndez de Kirchner durante una nota realizada en \u201cVoces de la Ciudad\u201d.<\/p>\n<p>Sin embargo, Laxalt asegur\u00f3 que \u201cel 60% de la poblaci\u00f3n cree que es todo un invento\u201d, y argument\u00f3 que \u201cha perdido tanta imagen el kirchnerismo que ante un hecho tan grave como es el atentado a la vicepresidente, la mayor\u00eda de la gente no lo cree\u201d.<\/p>\n<p>En di\u00e1logo con el periodista Hugo Moller, la referente local enfatiz\u00f3 que \u201ces un hecho absolutamente repudiable y se deber\u00eda dejar que la Justicia act\u00fae\u201d, pero opin\u00f3 que \u201cse utiliz\u00f3 mucho ese hecho -que para m\u00ed fue real-, pero tambi\u00e9n es cierto que se utiliz\u00f3 para decretar un feriado nacional, cuando por ejemplo en Inglaterra los chicos no perdieron ni un solo d\u00eda de clase, cuando muri\u00f3 la reina con 70 a\u00f1os de reinado, y ac\u00e1 ante este atentado dieron un feriado nacional y los chicos perdieron un d\u00eda de clase innecesariamente\u201d.<\/p>\n<p>Asimismo, manifest\u00f3 que \u201csi alg\u00fan sector ha sembrado el discurso del odio, ese ha sido el kirchnerismo\u2026 siempre ante cualquier eventualidad tiene la necesidad de tener un enemigo, y mi apreciaci\u00f3n es que el kirchnerismo cre\u00f3 la grieta entre pobres y ricos\u00bb<\/p>\n<p>\u00abPero esa grieta ya no le sirve, porque qued\u00f3 claro que el kirchnerismo es que el produce y aumenta la pobreza, as\u00ed que ese discurso ya nos le va y ten\u00edan que pensar en otra grieta, y pensaron en la grieta entre el amor y el odio, pero con fines pol\u00edticos partidarios. Es una estrategia pol\u00edtica, y estoy convencida de eso\u201d, puntualiz\u00f3.<\/p>\n","protected":false},"excerpt":{"rendered":"<p>As\u00ed lo afirm\u00f3 la referente local del Movimiento Social por la Rep\u00fablica, Mara Laxalt, quien repudi\u00f3 ampliamente el ataque a Cristina Fern\u00e1ndez de Kirchner durante una nota realizada en \u201cVoces de la Ciudad\u201d. Sin embargo, Laxalt asegur\u00f3 que \u201cel 60% de la poblaci\u00f3n cree que es todo un invento\u201d, y argument\u00f3 que \u201cha perdido tanta [&hellip;]<\/p>\n","protected":false},"author":3,"featured_media":93811,"comment_status":"closed","ping_status":"closed","sticky":false,"template":"","format":"standard","meta":{"footnotes":""},"categories":[3],"tags":[],"class_list":["post-93810","post","type-post","status-publish","format-standard","has-post-thumbnail","category-masnoticias"],"_links":{"self":[{"href":"https:\/\/primicias2262.com\/noticias\/wp-json\/wp\/v2\/posts\/93810","targetHints":{"allow":["GET"]}}],"collection":[{"href":"https:\/\/primicias2262.com\/noticias\/wp-json\/wp\/v2\/posts"}],"about":[{"href":"https:\/\/primicias2262.com\/noticias\/wp-json\/wp\/v2\/types\/post"}],"author":[{"embeddable":true,"href":"https:\/\/primicias2262.com\/noticias\/wp-json\/wp\/v2\/users\/3"}],"replies":[{"embeddable":true,"href":"https:\/\/primicias2262.com\/noticias\/wp-json\/wp\/v2\/comments?post=93810"}],"version-history":[{"count":0,"href":"https:\/\/primicias2262.com\/noticias\/wp-json\/wp\/v2\/posts\/93810\/revisions"}],"wp:attachment":[{"href":"https:\/\/primicias2262.com\/noticias\/wp-json\/wp\/v2\/media?parent=93810"}],"wp:term":[{"taxonomy":"category","embeddable":true,"href":"https:\/\/primicias2262.com\/noticias\/wp-json\/wp\/v2\/categories?post=93810"},{"taxonomy":"post_tag","embeddable":true,"href":"https:\/\/primicias2262.com\/noticias\/wp-json\/wp\/v2\/tags?post=93810"}],"curies":[{"name":"wp","href":"https:\/\/api.w.org\/{rel}","templated":true}]}}