{"id":93831,"date":"2022-09-26T13:18:03","date_gmt":"2022-09-26T16:18:03","guid":{"rendered":"https:\/\/primicias2262.com\/?p=93831"},"modified":"2022-09-26T13:18:03","modified_gmt":"2022-09-26T16:18:03","slug":"recorrieron-las-sedes-de-las-escuelas-de-patios-abiertos-de-nuestro-distrito","status":"publish","type":"post","link":"https:\/\/primicias2262.com\/noticias\/recorrieron-las-sedes-de-las-escuelas-de-patios-abiertos-de-nuestro-distrito\/","title":{"rendered":"Recorrieron las sedes de las escuelas de Patios Abiertos de nuestro distrito"},"content":{"rendered":"<p>Por estos d\u00edas y en ocasi\u00f3n de la visita al distrito de Necochea de Adriana Aguinaga, integrante de la Direcci\u00f3n provincial de Pol\u00edticas Socioeducativas, autoridades de la Jefatura de la Regi\u00f3n 20 de Gesti\u00f3n Estatal recorrieron sedes de Patios Abiertos y manifestaron su vocaci\u00f3n regional de incorporarse al Programa de Coros y Orquestas que promueve la Direcci\u00f3n General de Cultura y Educaci\u00f3n.<\/p>\n<p>\u00abImposible no conmoverse con aquello que hace posible la Escuela P\u00fablica y Programas como los impulsados por la Direcci\u00f3n de Pol\u00edticas Socioeducativas en cada rinc\u00f3n de nuestra inmensa provincia\u00bb, manifestaron desde la Jefatura Regional.<\/p>\n<p>Agregaron que \u00abes imposible no traer a la memoria aquella im\u00e1gen de Mart\u00edn y Agust\u00edn, alumnos de la Escuela Primaria Nro 29 del Balneario Los \u00c1ngeles -all\u00ed donde el campo y la playa se dan la mano- quienes cada s\u00e1bado asist\u00edan al Patio Abierto de su Escuela para disfrutar con sus compa\u00f1erxs de la magia de la m\u00fasica de violines, chelo, teclados, guitarras, leyendo partituras amorosamente escritas por sus profesores Denia Rodr\u00edguez y Leo Labbozzetta\u00bb.<\/p>\n<p>\u00abInolvidable y multiplicada experiencia que sigue haciendo camino y que nos compromete a construir nuevas propuestas que permitan imaginar y avanzar hacia otros futuros posibles para nuestrxs pibes\u00bb, indicaron.<\/p>\n","protected":false},"excerpt":{"rendered":"<p>Por estos d\u00edas y en ocasi\u00f3n de la visita al distrito de Necochea de Adriana Aguinaga, integrante de la Direcci\u00f3n provincial de Pol\u00edticas Socioeducativas, autoridades de la Jefatura de la Regi\u00f3n 20 de Gesti\u00f3n Estatal recorrieron sedes de Patios Abiertos y manifestaron su vocaci\u00f3n regional de incorporarse al Programa de Coros y Orquestas que promueve [&hellip;]<\/p>\n","protected":false},"author":3,"featured_media":93832,"comment_status":"closed","ping_status":"closed","sticky":false,"template":"","format":"standard","meta":{"footnotes":""},"categories":[3],"tags":[],"class_list":["post-93831","post","type-post","status-publish","format-standard","has-post-thumbnail","category-masnoticias"],"_links":{"self":[{"href":"https:\/\/primicias2262.com\/noticias\/wp-json\/wp\/v2\/posts\/93831","targetHints":{"allow":["GET"]}}],"collection":[{"href":"https:\/\/primicias2262.com\/noticias\/wp-json\/wp\/v2\/posts"}],"about":[{"href":"https:\/\/primicias2262.com\/noticias\/wp-json\/wp\/v2\/types\/post"}],"author":[{"embeddable":true,"href":"https:\/\/primicias2262.com\/noticias\/wp-json\/wp\/v2\/users\/3"}],"replies":[{"embeddable":true,"href":"https:\/\/primicias2262.com\/noticias\/wp-json\/wp\/v2\/comments?post=93831"}],"version-history":[{"count":0,"href":"https:\/\/primicias2262.com\/noticias\/wp-json\/wp\/v2\/posts\/93831\/revisions"}],"wp:attachment":[{"href":"https:\/\/primicias2262.com\/noticias\/wp-json\/wp\/v2\/media?parent=93831"}],"wp:term":[{"taxonomy":"category","embeddable":true,"href":"https:\/\/primicias2262.com\/noticias\/wp-json\/wp\/v2\/categories?post=93831"},{"taxonomy":"post_tag","embeddable":true,"href":"https:\/\/primicias2262.com\/noticias\/wp-json\/wp\/v2\/tags?post=93831"}],"curies":[{"name":"wp","href":"https:\/\/api.w.org\/{rel}","templated":true}]}}