{"id":93834,"date":"2022-09-26T13:35:33","date_gmt":"2022-09-26T16:35:33","guid":{"rendered":"https:\/\/primicias2262.com\/?p=93834"},"modified":"2022-09-26T13:35:33","modified_gmt":"2022-09-26T16:35:33","slug":"emocion-a-flor-de-piel-en-una-nueva-actividad-del-programa-mayor-activo","status":"publish","type":"post","link":"https:\/\/primicias2262.com\/noticias\/emocion-a-flor-de-piel-en-una-nueva-actividad-del-programa-mayor-activo\/","title":{"rendered":"Emoci\u00f3n a flor de piel en una nueva actividad del programa \u201cMayor Activo\u201d"},"content":{"rendered":"<p><strong>Abuelos y abuelas de diferentes centros de jubilados de la ciudad presentaron su talento ante alrededor de 200 personas que acudieron al Teatro Municipal \u201cLuis Sandrini\u201d, en el marco de las Olimpiadas de la Tercera Edad que organiza la Direcci\u00f3n de Relaciones con la Comunidad y DDHH.<\/strong><\/p>\n<p>En el marco de una gala art\u00edstica muy emotiva desarrollada en el Teatro Municipal \u201cLuis Sandrini\u201d, se realiz\u00f3 la tercera actividad del programa \u201cMayor Activo: Olimpiadas Interdisciplinarias de la Tercera Edad\u201d, actividad organizada desde la Direcci\u00f3n de Relaciones con la Comunidad y DDHH, a cargo de Ger\u00f3nimo Gallegos.<\/p>\n<p>En esta oportunidad, se bas\u00f3 en un encuentro donde los abuelos y abuelas mostraron su talento y su hobby antes sus familiares y amigos, con alrededor de 200 personas que se acercaron para disfrutar de las 13 obras que presentaron los protagonistas, todos ellos de los diferentes centros de jubilados del distrito.<\/p>\n<p>Puntualmente, la velada cont\u00f3 con payadores, cantantes de tango y folclore, pianistas y una cantante de \u00f3pera, como as\u00ed tambi\u00e9n baile flamenco, poes\u00edas y hasta un sketch c\u00f3mico.<\/p>\n<p>El objetivo, vale resaltar, es seguir reforzando la relaci\u00f3n con las personas de la tercera edad, y en ese sentido se nota un compromiso cada vez mayor de participar en cada iniciativa del Ejecutivo, al punto que para el aniversario de Necochea ya se anuncia que estar\u00e1n presentes con una masterclass de baile.<\/p>\n","protected":false},"excerpt":{"rendered":"<p>Abuelos y abuelas de diferentes centros de jubilados de la ciudad presentaron su talento ante alrededor de 200 personas que acudieron al Teatro Municipal \u201cLuis Sandrini\u201d, en el marco de las Olimpiadas de la Tercera Edad que organiza la Direcci\u00f3n de Relaciones con la Comunidad y DDHH. En el marco de una gala art\u00edstica muy [&hellip;]<\/p>\n","protected":false},"author":3,"featured_media":93835,"comment_status":"closed","ping_status":"closed","sticky":false,"template":"","format":"standard","meta":{"footnotes":""},"categories":[3],"tags":[],"class_list":["post-93834","post","type-post","status-publish","format-standard","has-post-thumbnail","category-masnoticias"],"_links":{"self":[{"href":"https:\/\/primicias2262.com\/noticias\/wp-json\/wp\/v2\/posts\/93834","targetHints":{"allow":["GET"]}}],"collection":[{"href":"https:\/\/primicias2262.com\/noticias\/wp-json\/wp\/v2\/posts"}],"about":[{"href":"https:\/\/primicias2262.com\/noticias\/wp-json\/wp\/v2\/types\/post"}],"author":[{"embeddable":true,"href":"https:\/\/primicias2262.com\/noticias\/wp-json\/wp\/v2\/users\/3"}],"replies":[{"embeddable":true,"href":"https:\/\/primicias2262.com\/noticias\/wp-json\/wp\/v2\/comments?post=93834"}],"version-history":[{"count":0,"href":"https:\/\/primicias2262.com\/noticias\/wp-json\/wp\/v2\/posts\/93834\/revisions"}],"wp:attachment":[{"href":"https:\/\/primicias2262.com\/noticias\/wp-json\/wp\/v2\/media?parent=93834"}],"wp:term":[{"taxonomy":"category","embeddable":true,"href":"https:\/\/primicias2262.com\/noticias\/wp-json\/wp\/v2\/categories?post=93834"},{"taxonomy":"post_tag","embeddable":true,"href":"https:\/\/primicias2262.com\/noticias\/wp-json\/wp\/v2\/tags?post=93834"}],"curies":[{"name":"wp","href":"https:\/\/api.w.org\/{rel}","templated":true}]}}