{"id":93845,"date":"2022-09-27T17:59:45","date_gmt":"2022-09-27T20:59:45","guid":{"rendered":"https:\/\/primicias2262.com\/?p=93845"},"modified":"2022-09-27T17:59:45","modified_gmt":"2022-09-27T20:59:45","slug":"comenzo-la-semana-de-las-artes-en-los-jardines-maternales-municipales","status":"publish","type":"post","link":"https:\/\/primicias2262.com\/noticias\/comenzo-la-semana-de-las-artes-en-los-jardines-maternales-municipales\/","title":{"rendered":"Comenz\u00f3 la Semana de las Artes en los jardines maternales municipales"},"content":{"rendered":"<p><strong>La Banda de M\u00fasica y un taller de danzas folcl\u00f3ricas dieron vida a la primera jornada de este ciclo en el \u201cAcuario\u201d, que pudieron disfrutar tanto el alumnado como sus familias. Distintas expresiones art\u00edsticas ir\u00e1n pasando hasta el viernes por las aulas, tambi\u00e9n en el \u201cEvita\u201d, donde la comunidad educativa cerrar\u00e1 el ciclo con un mural conmemorativo. \u00a0<\/strong><\/p>\n<p>Desde el 26 y hasta el 30 de septiembre, se estar\u00e1 llevando a cabo en los jardines maternales municipales la ya tradicional Semana de las Artes, en el marco del ciclo que impulsa la Escuela Provincial \u201cOrillas de Quequ\u00e9n\u201d, aqu\u00ed con el objetivo de potenciar la creatividad y el sentido est\u00e9tico de los peque\u00f1os alumnos y alumnas.<\/p>\n<p>La primera actividad de esta iniciativa tuvo lugar en la jornada de este lunes en el \u201cAcuario\u201d con la presentaci\u00f3n de la Banda de M\u00fasica Municipal, cuyos integrantes se apostaron en las puertas de la instituci\u00f3n, a doble turno, para regalar su repertorio a los ni\u00f1os y ni\u00f1as, pero tambi\u00e9n a sus familias.<\/p>\n<p>De acuerdo a su fundamentaci\u00f3n, la Semana de la Artes es un proyecto que surge a partir de la convocatoria de diferentes protagonistas culturales para que se acerquen a compartir un taller o presentaci\u00f3n con el alumnado, entreg\u00e1ndoles la posibilidad de que puedan observar y vivenciar estas expresiones y, a trav\u00e9s de ellas, se apropien de su cultura y construyan su identidad.<\/p>\n<p>Adem\u00e1s de la Banda Municipal, ayer tambi\u00e9n se presentaron las estudiantes del profesorado de Folclore de la Escuela Provincial de Arte N\u00ba 1, quienes hicieron bailar a todo el jard\u00edn al ritmo de la m\u00fasica m\u00e1s tradicional de nuestro pa\u00eds.<\/p>\n<p>Las actividades continuar\u00e1n a lo largo de toda la semana con talleres de m\u00fasica, rimas y poes\u00edas, expresi\u00f3n corporal, juego y movimiento, y hasta una salida educativa a la casa de estudios organizadora del ciclo; mientras que, de igual manera, en el \u201cEvita\u201d se estar\u00e1n realizando otras acciones similares, que culminar\u00e1n con la inauguraci\u00f3n de un mural tem\u00e1tico el pr\u00f3ximo viernes, para poner fin a la actual edici\u00f3n.<\/p>\n","protected":false},"excerpt":{"rendered":"<p>La Banda de M\u00fasica y un taller de danzas folcl\u00f3ricas dieron vida a la primera jornada de este ciclo en el \u201cAcuario\u201d, que pudieron disfrutar tanto el alumnado como sus familias. Distintas expresiones art\u00edsticas ir\u00e1n pasando hasta el viernes por las aulas, tambi\u00e9n en el \u201cEvita\u201d, donde la comunidad educativa cerrar\u00e1 el ciclo con un [&hellip;]<\/p>\n","protected":false},"author":3,"featured_media":93846,"comment_status":"closed","ping_status":"closed","sticky":false,"template":"","format":"standard","meta":{"footnotes":""},"categories":[3],"tags":[],"class_list":["post-93845","post","type-post","status-publish","format-standard","has-post-thumbnail","category-masnoticias"],"_links":{"self":[{"href":"https:\/\/primicias2262.com\/noticias\/wp-json\/wp\/v2\/posts\/93845","targetHints":{"allow":["GET"]}}],"collection":[{"href":"https:\/\/primicias2262.com\/noticias\/wp-json\/wp\/v2\/posts"}],"about":[{"href":"https:\/\/primicias2262.com\/noticias\/wp-json\/wp\/v2\/types\/post"}],"author":[{"embeddable":true,"href":"https:\/\/primicias2262.com\/noticias\/wp-json\/wp\/v2\/users\/3"}],"replies":[{"embeddable":true,"href":"https:\/\/primicias2262.com\/noticias\/wp-json\/wp\/v2\/comments?post=93845"}],"version-history":[{"count":0,"href":"https:\/\/primicias2262.com\/noticias\/wp-json\/wp\/v2\/posts\/93845\/revisions"}],"wp:attachment":[{"href":"https:\/\/primicias2262.com\/noticias\/wp-json\/wp\/v2\/media?parent=93845"}],"wp:term":[{"taxonomy":"category","embeddable":true,"href":"https:\/\/primicias2262.com\/noticias\/wp-json\/wp\/v2\/categories?post=93845"},{"taxonomy":"post_tag","embeddable":true,"href":"https:\/\/primicias2262.com\/noticias\/wp-json\/wp\/v2\/tags?post=93845"}],"curies":[{"name":"wp","href":"https:\/\/api.w.org\/{rel}","templated":true}]}}