{"id":93848,"date":"2022-09-27T18:02:47","date_gmt":"2022-09-27T21:02:47","guid":{"rendered":"https:\/\/primicias2262.com\/?p=93848"},"modified":"2022-09-27T18:02:47","modified_gmt":"2022-09-27T21:02:47","slug":"suspendieron-una-charla-para-conductores-principiantes-pautada-para-este-viernes","status":"publish","type":"post","link":"https:\/\/primicias2262.com\/noticias\/suspendieron-una-charla-para-conductores-principiantes-pautada-para-este-viernes\/","title":{"rendered":"Suspendieron una charla para conductores principiantes pautada para este viernes"},"content":{"rendered":"<p>La Direcci\u00f3n de Control Urbano informa a los interesados que el curso para conductores principiantes de car\u00e1cter obligatorio, que se dicta todos los viernes en el Sal\u00f3n de Actos de la comuna, se ver\u00e1 suspendido este 30 de septiembre, invitando a quienes deban participar en esta charla para adquirir su licencia de conducir a presentarse en la jornada pr\u00f3xima, pautada para el viernes 14 de octubre.<\/p>\n<p>Al respecto, el titular del \u00e1rea, Juan Manuel Laportilla, explic\u00f3 que la jornada se vio afectada por inconvenientes de \u00edndole personal del capacitador, debiendo ser reprogramada para el viernes posterior al feriado puente del 7 de octubre.<\/p>\n<p>Vale destacar que la importancia de estas charlas reside en la intenci\u00f3n del Departamento Ejecutivo de educar vialmente a los vecinos y vecinas antes de otorgarles una licencia que les permita circular con un veh\u00edculo, con los riesgos que ello implica.<\/p>\n<p>\u201cEl problema del tr\u00e1nsito en nuestra ciudad nos preocupa, con siniestros que a veces llevan a la muerte, y en ese sentido es momento de que el Estado tome cartas en el asunto\u201d, hab\u00eda declarado Laportilla en el inicio de este ciclo de capacitaci\u00f3n.<\/p>\n","protected":false},"excerpt":{"rendered":"<p>La Direcci\u00f3n de Control Urbano informa a los interesados que el curso para conductores principiantes de car\u00e1cter obligatorio, que se dicta todos los viernes en el Sal\u00f3n de Actos de la comuna, se ver\u00e1 suspendido este 30 de septiembre, invitando a quienes deban participar en esta charla para adquirir su licencia de conducir a presentarse [&hellip;]<\/p>\n","protected":false},"author":3,"featured_media":93849,"comment_status":"closed","ping_status":"closed","sticky":false,"template":"","format":"standard","meta":{"footnotes":""},"categories":[3],"tags":[],"class_list":["post-93848","post","type-post","status-publish","format-standard","has-post-thumbnail","category-masnoticias"],"_links":{"self":[{"href":"https:\/\/primicias2262.com\/noticias\/wp-json\/wp\/v2\/posts\/93848","targetHints":{"allow":["GET"]}}],"collection":[{"href":"https:\/\/primicias2262.com\/noticias\/wp-json\/wp\/v2\/posts"}],"about":[{"href":"https:\/\/primicias2262.com\/noticias\/wp-json\/wp\/v2\/types\/post"}],"author":[{"embeddable":true,"href":"https:\/\/primicias2262.com\/noticias\/wp-json\/wp\/v2\/users\/3"}],"replies":[{"embeddable":true,"href":"https:\/\/primicias2262.com\/noticias\/wp-json\/wp\/v2\/comments?post=93848"}],"version-history":[{"count":0,"href":"https:\/\/primicias2262.com\/noticias\/wp-json\/wp\/v2\/posts\/93848\/revisions"}],"wp:attachment":[{"href":"https:\/\/primicias2262.com\/noticias\/wp-json\/wp\/v2\/media?parent=93848"}],"wp:term":[{"taxonomy":"category","embeddable":true,"href":"https:\/\/primicias2262.com\/noticias\/wp-json\/wp\/v2\/categories?post=93848"},{"taxonomy":"post_tag","embeddable":true,"href":"https:\/\/primicias2262.com\/noticias\/wp-json\/wp\/v2\/tags?post=93848"}],"curies":[{"name":"wp","href":"https:\/\/api.w.org\/{rel}","templated":true}]}}