{"id":93862,"date":"2022-09-27T18:23:12","date_gmt":"2022-09-27T21:23:12","guid":{"rendered":"https:\/\/primicias2262.com\/?p=93862"},"modified":"2022-09-27T18:23:12","modified_gmt":"2022-09-27T21:23:12","slug":"de-cara-a-las-internas-radicales-a-mi-no-me-da-ningun-miedo-confrontar","status":"publish","type":"post","link":"https:\/\/primicias2262.com\/noticias\/de-cara-a-las-internas-radicales-a-mi-no-me-da-ningun-miedo-confrontar\/","title":{"rendered":"De cara a las internas radicales \u201ca m\u00ed no me da ning\u00fan miedo confrontar\u201d"},"content":{"rendered":"<p><strong>As\u00ed lo expres\u00f3 el presidente del Comit\u00e9 radical \u201cEmiliano Ab\u00e1solo\u201d, Alberto Esnaola, ante la proximidad de las elecciones radicales que se realizar\u00e1n el domingo 13 de noviembre de 8 a 18 hs.<\/strong><\/p>\n<p>En los estudios de Voces de la Ciudad, el referente radical fue entrevistado por el periodista Hugo Moller sobre la renovaci\u00f3n de autoridades del hist\u00f3rico partido y dej\u00f3 varias definiciones. De cara al acto eleccionario, el 14 de octubre ser\u00e1 la presentaci\u00f3n de las listas y el domingo 13 de noviembre en el Comit\u00e9 ser\u00e1 la elecci\u00f3n.<\/p>\n<p>En vistas a esas internas de noviembre, Esnaola rememor\u00f3 que \u201cDaniel Molina tuvo que pasar por cuatro internas antes de ser intendente, la gente solo se acuerda del 14 de septiembre pero no recuerda que en 2001 hubo una interna dura, pero el partido sali\u00f3 favorecido porque hab\u00eda un liderazgo consolidado\u201d.<\/p>\n<p>Coment\u00f3 que \u201cnuestro objetivo es una convocatoria a todo el conjunto para ver qui\u00e9nes quieren eventualmente confrontar. Aa m\u00ed no me da ning\u00fan miedo confrontar, conversaremos y veremos las expectativas, en algunos conocemos la vocaci\u00f3n por no dialogar, porque hicimos los intentos y dijeron que no\u201d, y en ese aspecto apunt\u00f3 a uno d elos referentes m\u00e1s j\u00f3venes, como Dami\u00e1n Unibaso, que \u201cse rehus\u00f3 a tener di\u00e1logo\u201d.<\/p>\n<p>Asimismo, Esnaola apunt\u00f3 que \u201cMario Corona y Silvia Sadaha responden a Ricardo Alfons\u00edn, que hace tiempo que est\u00e1 alejado de la estructura partidaria en t\u00e9rminos org\u00e1nicos. La convenci\u00f3n y los comit\u00e9s distritales tienen una pol\u00edtica y sin embargo a Ricardo Alfons\u00edn cada vez que lo escuchamos hablar lo \u00fanico que hace es hablar mal del radicalismo\u201d.<\/p>\n<p>Por lo pronto, manifest\u00f3 que \u201cveremos si se compite o no, nuestro partido se compone de todos, y en ese sentido veremos c\u00f3mo podemos lograr una s\u00edntesis lo m\u00e1s amplia posible. Si hay interna, los afiliados elegir\u00e1n, y nosotros buscaremos tratar de ampliar nuestra base de sustentaci\u00f3n con la mayor cantidad posible de unidad\u201d.<\/p>\n<p>A la hora de hacer un balance de la actual conducci\u00f3n, Esnaola reflexion\u00f3 que \u201clo divido en dos partes, respecto de lo personal para m\u00ed no es un balance positivo, yo ten\u00eda otras expectativas y desgraciadamente hechos ajenos sucedieron a una serie de circunstancias que marcaron parte de lo que fue la conducci\u00f3n\u201d, aunque \u201crespecto a los logros de conducci\u00f3n pol\u00edtica, ah\u00ed s\u00ed creo que es altamente positivo el balance\u201d, diferenci\u00f3.<\/p>\n<p>Argument\u00f3 en tal sentido que \u201cno puedo dejar de mencionar a quienes acompa\u00f1aron, como la Comisi\u00f3n de G\u00e9nero, encabezada por Adriana P\u00e9rez la concejal, con Adriana D\u00edaz, Carola Bertoldi y Virginia Jacob. La comisi\u00f3n hizo una jornada del Mes de la Mujer como hac\u00eda mucho tiempo no se hac\u00eda\u00bb.<\/p>\n<p>Agreg\u00f3 que \u00abes imposible no mencionar a Alejandro Bidegain como Secretario General; a Fabi\u00e1n Solari, que ha hecho un trabajo de mantenimiento del Comit\u00e9, que est\u00e1 limpio, acondicionado y con cuestiones elementales m\u00ednimas que no estaban cuando asumimos; o a Roberto Ardanaz que est\u00e1 todos los d\u00edas ma\u00f1ana y tarde en el Comit\u00e9\u201d, valor\u00f3.<\/p>\n<p>A su vez, Esnaola rescat\u00f3 que \u201calgunos mecanismos que implementamos que fueron buenos, por ejemplo la trasmisi\u00f3n en directo de las reuniones de comisiones y plenarios del partido por Instagram y Facebook, para que la gente vea que un partido pol\u00edtico es mucho m\u00e1s que 3 o 4 dirigentes en una mesa que se deciden a armar el orden de una lista, que es lo que en el imaginario popular muchas veces pasa\u201d.<\/p>\n<p>Finalmente, acentu\u00f3 el trabajo recuperado en el subcomit\u00e9 de Quequ\u00e9n. \u201cCon un grupo de gente joven se pintar\u00e1 el frente y se acondicionar\u00e1. Ah\u00ed funciona un comedor los s\u00e1bados a cargo de Romina Scampini, que trabaja para un culto y le dijimos que para nosotros era una satisfacci\u00f3n que eso estuviese funcionando, hay que recuperar el inmueble y el radicalismo tendr\u00e1 un centro de referencia donde se dar\u00e1n clases de pl\u00e1stica como en el comit\u00e9 de Necochea. Parecen cotidianidades menores, pero son las cosas que le dan vida a los partidos\u201d, culmin\u00f3.<\/p>\n","protected":false},"excerpt":{"rendered":"<p>As\u00ed lo expres\u00f3 el presidente del Comit\u00e9 radical \u201cEmiliano Ab\u00e1solo\u201d, Alberto Esnaola, ante la proximidad de las elecciones radicales que se realizar\u00e1n el domingo 13 de noviembre de 8 a 18 hs. En los estudios de Voces de la Ciudad, el referente radical fue entrevistado por el periodista Hugo Moller sobre la renovaci\u00f3n de autoridades [&hellip;]<\/p>\n","protected":false},"author":3,"featured_media":93868,"comment_status":"closed","ping_status":"closed","sticky":false,"template":"","format":"standard","meta":{"footnotes":""},"categories":[3],"tags":[],"class_list":["post-93862","post","type-post","status-publish","format-standard","has-post-thumbnail","category-masnoticias"],"_links":{"self":[{"href":"https:\/\/primicias2262.com\/noticias\/wp-json\/wp\/v2\/posts\/93862","targetHints":{"allow":["GET"]}}],"collection":[{"href":"https:\/\/primicias2262.com\/noticias\/wp-json\/wp\/v2\/posts"}],"about":[{"href":"https:\/\/primicias2262.com\/noticias\/wp-json\/wp\/v2\/types\/post"}],"author":[{"embeddable":true,"href":"https:\/\/primicias2262.com\/noticias\/wp-json\/wp\/v2\/users\/3"}],"replies":[{"embeddable":true,"href":"https:\/\/primicias2262.com\/noticias\/wp-json\/wp\/v2\/comments?post=93862"}],"version-history":[{"count":0,"href":"https:\/\/primicias2262.com\/noticias\/wp-json\/wp\/v2\/posts\/93862\/revisions"}],"wp:attachment":[{"href":"https:\/\/primicias2262.com\/noticias\/wp-json\/wp\/v2\/media?parent=93862"}],"wp:term":[{"taxonomy":"category","embeddable":true,"href":"https:\/\/primicias2262.com\/noticias\/wp-json\/wp\/v2\/categories?post=93862"},{"taxonomy":"post_tag","embeddable":true,"href":"https:\/\/primicias2262.com\/noticias\/wp-json\/wp\/v2\/tags?post=93862"}],"curies":[{"name":"wp","href":"https:\/\/api.w.org\/{rel}","templated":true}]}}