{"id":93865,"date":"2022-09-27T18:29:56","date_gmt":"2022-09-27T21:29:56","guid":{"rendered":"https:\/\/primicias2262.com\/?p=93865"},"modified":"2022-09-27T18:29:56","modified_gmt":"2022-09-27T21:29:56","slug":"abete-hay-que-trabajar-para-que-los-jovenes-no-se-vayan-de-la-ciudad-y-estudien-aca","status":"publish","type":"post","link":"https:\/\/primicias2262.com\/noticias\/abete-hay-que-trabajar-para-que-los-jovenes-no-se-vayan-de-la-ciudad-y-estudien-aca\/","title":{"rendered":"Abete: \u201cHay que trabajar para que los j\u00f3venes no se vayan de la ciudad y estudien ac\u00e1\u201d"},"content":{"rendered":"<p>As\u00ed lo remarc\u00f3 la coordinadora acad\u00e9mica del Instituto de Estudios Superiores R\u00edo Quequ\u00e9n, Lic. Marcela Abete, quien durante una nota en el programa \u201cVoces de la Ciudad\u201d donde se explay\u00f3 sobre la relaci\u00f3n con la Universidad Tecnol\u00f3gica Nacional y la complementaci\u00f3n de los sistemas virtual y presencial a la hora de estudiar.<\/p>\n<p>Hace pocos d\u00edas, en la instituci\u00f3n ubicada en 58 y 51 recibieron la visita de integrantes de la UTN Regional Mar del Plata, aunque m\u00e1s all\u00e1 de eso, Abete afirm\u00f3 que \u201ctenemos una firme idea de poner en boca de la ciudad al Instituto de Estudios Superiores R\u00edo Quequ\u00e9n, si es posible todas las semanas con alguna actividad\u201d.<\/p>\n<p>En cuanto a la visita de las autoridades de la UTN Regional Mar del Plata, manifest\u00f3 que \u201cestuvieron refrendando aquel acuerdo que hab\u00edamos firmado en octubre de 2021 para realizar acciones conjuntas. Estuvieron con una actividad bastante m\u00e1s ampliada, para comentar la oferta acad\u00e9mica de la UTN y cu\u00e1l ser\u00e1 la propuesta que podr\u00eda traer a nuestra ciudad de la mano del Instituto Superior R\u00edo Quequ\u00e9n\u201d.<\/p>\n<p>Con respecto a lo que podr\u00eda llegar a Necochea, Abete puntualiz\u00f3 que \u201cen principio estamos pensando en la Tecnicatura universitaria en Programaci\u00f3n; en dos Profesorados, el de Disciplinas Industriales y el de Docencia en Nivel Superior; y estamos intentando hacer un relevamiento en otra tecnicatura que tiene que ver con el interiorismo. Eso para nuestra ciudad, m\u00e1s all\u00e1 de la oferta educativa variada y el muy buen nivel de la UTN\u201d.<\/p>\n<p>Resalt\u00f3 acto seguido que \u201cvieron nuestra predisposici\u00f3n y nuestras instalaciones, y adem\u00e1s hay un nutrido grupo de una de las escuelas t\u00e9cnicas locales para una preinscripci\u00f3n en octubre como para reunir un n\u00famero considerable y poder armar un aula en nuestra instituci\u00f3n, como brazo de la UTN en nuestra ciudad. Hoy ya tenemos que pensar en la presencialidad y trabajar en que los j\u00f3venes y no tan j\u00f3venes no se vayan de la ciudad y estudien ac\u00e1\u201d.<\/p>\n<p>Asimismo, Abete remarc\u00f3 que \u201ceste a\u00f1o intensificamos un convenio que ten\u00edamos desde el a\u00f1o pasado con la Universidad de Ciencias Empresariales y Sociales (UCES), de hecho tenemos algunos alumnos inscriptos para empezar en octubre. Las carreras que en principio tenemos son algunas de grado, como Contador, Abogac\u00eda, Relaciones Internacionales, Administraci\u00f3n de Empresas y Comercio Exterior\u201d.<\/p>\n<p>Incluso, subray\u00f3 que \u201ctambi\u00e9n tenemos el ciclo de complementaci\u00f3n curricular, es decir, si sos t\u00e9cnico y te quer\u00e9s transformar en licenciado hac\u00e9s una complementaci\u00f3n de dos a\u00f1os y te transform\u00e1s en licenciado\u201d. De hecho, \u201cen la ciudad detectamos que hay muchos t\u00e9cnicos en Hoteler\u00eda y Turismo y estamos tratando de captar a esos t\u00e9cnicos para que hagan este ciclo de complementaci\u00f3n curricular y sean licenciados\u201d, revel\u00f3.<\/p>\n<p>\u201cLo importante que tiene esta casa de estudios (UCES) es que la cursada es totalmente virtual y la gente puede regular el ritmo a su casa y trabajo, y se rinde el final de manera presencial en nuestra instituci\u00f3n, porque nosotros somos Unidad de Apoyo UCES Virtual\u201d, agreg\u00f3 como dato saliente.<\/p>\n<p>Finalmente, indic\u00f3 que \u201capuntamos a un p\u00fablico que no solo sean los j\u00f3venes que reci\u00e9n terminan la secundaria, sino que hay mucha gente adulta que dej\u00f3 trunco su sue\u00f1o de ser universitaria y tal vez esta modalidad de UCES le permite regular su propio ritmo y poder hacerlo desde su casa. Es un sistema flexible y no dejamos a la persona sola, para eso somos Unidad de Apoyo, estamos atentos a los requerimientos para que la persona no se quede sin respuestas ante la virtualidad solitaria\u201d.<\/p>\n","protected":false},"excerpt":{"rendered":"<p>As\u00ed lo remarc\u00f3 la coordinadora acad\u00e9mica del Instituto de Estudios Superiores R\u00edo Quequ\u00e9n, Lic. Marcela Abete, quien durante una nota en el programa \u201cVoces de la Ciudad\u201d donde se explay\u00f3 sobre la relaci\u00f3n con la Universidad Tecnol\u00f3gica Nacional y la complementaci\u00f3n de los sistemas virtual y presencial a la hora de estudiar. Hace pocos d\u00edas, [&hellip;]<\/p>\n","protected":false},"author":3,"featured_media":93866,"comment_status":"closed","ping_status":"closed","sticky":false,"template":"","format":"standard","meta":{"footnotes":""},"categories":[3],"tags":[],"class_list":["post-93865","post","type-post","status-publish","format-standard","has-post-thumbnail","category-masnoticias"],"_links":{"self":[{"href":"https:\/\/primicias2262.com\/noticias\/wp-json\/wp\/v2\/posts\/93865","targetHints":{"allow":["GET"]}}],"collection":[{"href":"https:\/\/primicias2262.com\/noticias\/wp-json\/wp\/v2\/posts"}],"about":[{"href":"https:\/\/primicias2262.com\/noticias\/wp-json\/wp\/v2\/types\/post"}],"author":[{"embeddable":true,"href":"https:\/\/primicias2262.com\/noticias\/wp-json\/wp\/v2\/users\/3"}],"replies":[{"embeddable":true,"href":"https:\/\/primicias2262.com\/noticias\/wp-json\/wp\/v2\/comments?post=93865"}],"version-history":[{"count":0,"href":"https:\/\/primicias2262.com\/noticias\/wp-json\/wp\/v2\/posts\/93865\/revisions"}],"wp:attachment":[{"href":"https:\/\/primicias2262.com\/noticias\/wp-json\/wp\/v2\/media?parent=93865"}],"wp:term":[{"taxonomy":"category","embeddable":true,"href":"https:\/\/primicias2262.com\/noticias\/wp-json\/wp\/v2\/categories?post=93865"},{"taxonomy":"post_tag","embeddable":true,"href":"https:\/\/primicias2262.com\/noticias\/wp-json\/wp\/v2\/tags?post=93865"}],"curies":[{"name":"wp","href":"https:\/\/api.w.org\/{rel}","templated":true}]}}