{"id":93889,"date":"2022-09-28T14:33:40","date_gmt":"2022-09-28T17:33:40","guid":{"rendered":"https:\/\/primicias2262.com\/?p=93889"},"modified":"2022-09-28T14:33:40","modified_gmt":"2022-09-28T17:33:40","slug":"iluminacion-en-la-ribera-es-un-servicio-basico-para-un-sector-pujante-que-tiene-un-futuro-sin-techo","status":"publish","type":"post","link":"https:\/\/primicias2262.com\/noticias\/iluminacion-en-la-ribera-es-un-servicio-basico-para-un-sector-pujante-que-tiene-un-futuro-sin-techo\/","title":{"rendered":"Iluminaci\u00f3n en la Ribera: \u201cEs un servicio b\u00e1sico para un sector pujante que tiene un futuro sin techo\u201d"},"content":{"rendered":"<p>As\u00ed lo defini\u00f3 el empresario y vecino del R\u00edo Quequ\u00e9n, Marcos Testani, quien a su vez marc\u00f3 que la implementaci\u00f3n del sistema Led marca un antes y un despu\u00e9s para el camino de la Ribera. Todo esto en el marco de la inauguraci\u00f3n del segundo tramo de iluminaci\u00f3n en el paseo, que se llevara a cabo el pasado s\u00e1bado 24 de septiembre.<\/p>\n<p>Mediante una nota telef\u00f3nica en \u201cVoces de las Ciudad\u201d, realizada por el periodista Hugo Moller, Testani afirm\u00f3 que la iluminaci\u00f3n \u201ces un antes y un despu\u00e9s cuando se hace una obra de tama\u00f1a magnitud para un paseo tan lindo como el de la Ribera\u201d, ya que \u201cno solamente mejora el aspecto sino que le brinda seguridad durante la noche. Es parte de un servicio b\u00e1sico para un sector pujante que tiene un futuro sin techo\u201d.<\/p>\n<p>En ese misma l\u00ednea, el due\u00f1o del restaurant Catena, enfrente al r\u00edo, resalt\u00f3 que \u201centre el alteo del camino del a\u00f1o pasado y la iluminaci\u00f3n, el Paseo de la Ribera vive un antes y un despu\u00e9s de aquel paseo de hace un tiempo atr\u00e1s\u201d, e incluso, grafic\u00f3 que \u201csi compar\u00e1s una foto de hoy y una de hace 5 a\u00f1os del Paseo, te invita a cuidarlo y de hecho hay cada vez menos bolsas y menos basura, lo que no quita que de vez en cuando aparezcan residuos\u201d.<\/p>\n<p>\u201cHoy es un sector de prestigio, que invita a visitarlo y disfrutarlo, las caba\u00f1as est\u00e1n con un alto grado de ocupaci\u00f3n, la gente que practica deportes lo utiliza con mucha frecuencia porque el c\u00e9sped est\u00e1 cortado y el camino impecable, y lo mismo con la parte de remo. Es lindo ver que los clubes que est\u00e1n relacionados con el remo y las actividades acu\u00e1ticas tienen cada vez m\u00e1s gente\u201d, acot\u00f3 el empresario.<\/p>\n<p>Acerca de los vecinos que le dieron un fuerte impulso al sector, Testani destac\u00f3 que \u201cel grupo de vecinos que tiene el Paseo es maravilloso, porque se suman voluntades con el \u00fanico objetivo de tener el lugar donde se vive lindo, agradable, limpio y m\u00e1s seguro. Son un mont\u00f3n de cosas las que han pasado durante los \u00faltimos a\u00f1os en un lugar tan lindo que hab\u00eda sido abandonado por d\u00e9cadas, como la posta policial por ejemplo. De hecho, ahora se est\u00e1 construyendo mucho en el sector del r\u00edo y con todas estas mejoras no lo par\u00e1s m\u00e1s\u201d.<\/p>\n<p>Asimismo, subray\u00f3 que \u201ccuando el Estado municipal brinda un poco de servicios, el ciudadano ve las cosas con otros ojos y se acerca, y nosotros somos privilegiados de vivir ac\u00e1, es fabuloso estar ac\u00e1 porque se logra paz, tranquilidad y armon\u00eda\u201d, para agregar con entusiasmo que \u201cesto tiene que tomar impulso y atraer m\u00e1s inversores porque al paseo le faltan cosas todav\u00eda, pero no tiene techo y eso a partir de ahora se va dar seguramente. Tenemos luz, gas en la mayor\u00eda de los sectores, pero hay much\u00edsimas cosas por hacer\u201d.<\/p>\n<p>Lejos de conformarse, Testani mencion\u00f3 finalmente que \u201cahora le queremos dar impulso a la bajada inclusiva a la altura del predio de la Sociedad Espa\u00f1ola, con un f\u00e1cil acceso al agua, estamos con ese proyecto en carpeta y en breve se va a poder lograr\u201d.<\/p>\n","protected":false},"excerpt":{"rendered":"<p>As\u00ed lo defini\u00f3 el empresario y vecino del R\u00edo Quequ\u00e9n, Marcos Testani, quien a su vez marc\u00f3 que la implementaci\u00f3n del sistema Led marca un antes y un despu\u00e9s para el camino de la Ribera. Todo esto en el marco de la inauguraci\u00f3n del segundo tramo de iluminaci\u00f3n en el paseo, que se llevara a [&hellip;]<\/p>\n","protected":false},"author":3,"featured_media":93890,"comment_status":"closed","ping_status":"closed","sticky":false,"template":"","format":"standard","meta":{"footnotes":""},"categories":[3],"tags":[],"class_list":["post-93889","post","type-post","status-publish","format-standard","has-post-thumbnail","category-masnoticias"],"_links":{"self":[{"href":"https:\/\/primicias2262.com\/noticias\/wp-json\/wp\/v2\/posts\/93889","targetHints":{"allow":["GET"]}}],"collection":[{"href":"https:\/\/primicias2262.com\/noticias\/wp-json\/wp\/v2\/posts"}],"about":[{"href":"https:\/\/primicias2262.com\/noticias\/wp-json\/wp\/v2\/types\/post"}],"author":[{"embeddable":true,"href":"https:\/\/primicias2262.com\/noticias\/wp-json\/wp\/v2\/users\/3"}],"replies":[{"embeddable":true,"href":"https:\/\/primicias2262.com\/noticias\/wp-json\/wp\/v2\/comments?post=93889"}],"version-history":[{"count":0,"href":"https:\/\/primicias2262.com\/noticias\/wp-json\/wp\/v2\/posts\/93889\/revisions"}],"wp:attachment":[{"href":"https:\/\/primicias2262.com\/noticias\/wp-json\/wp\/v2\/media?parent=93889"}],"wp:term":[{"taxonomy":"category","embeddable":true,"href":"https:\/\/primicias2262.com\/noticias\/wp-json\/wp\/v2\/categories?post=93889"},{"taxonomy":"post_tag","embeddable":true,"href":"https:\/\/primicias2262.com\/noticias\/wp-json\/wp\/v2\/tags?post=93889"}],"curies":[{"name":"wp","href":"https:\/\/api.w.org\/{rel}","templated":true}]}}