{"id":93892,"date":"2022-09-28T15:08:45","date_gmt":"2022-09-28T18:08:45","guid":{"rendered":"https:\/\/primicias2262.com\/?p=93892"},"modified":"2022-09-28T15:08:45","modified_gmt":"2022-09-28T18:08:45","slug":"el-cef-no-76-afronta-un-millonario-arreglo-del-techo-y-se-realiza-una-caminata-benefica","status":"publish","type":"post","link":"https:\/\/primicias2262.com\/noticias\/el-cef-no-76-afronta-un-millonario-arreglo-del-techo-y-se-realiza-una-caminata-benefica\/","title":{"rendered":"El CEF N\u00ba 76 afronta un millonario arreglo del techo y se realiza una caminata ben\u00e9fica"},"content":{"rendered":"<p>Hasta el mes de julio de este a\u00f1o, la reparaci\u00f3n del techo de la instituci\u00f3n quequenense ten\u00eda un presupuesto de casi dos millones de pesos, y si bien se trata de una cuantiosa suma, no bajan los brazos y destacan los gestos solidarios, como el Marcela Vivas Urrutia, que caminar\u00e1 mil kil\u00f3metros para juntar fondos.<\/p>\n<p>Rosana Herrera, directora del CEF N\u00ba 76, dialog\u00f3 sobre el tema con el periodista Hugo Arroyo durante el programa \u201cVoces de la Ciudad\u201d, donde expres\u00f3 que \u201cestamos muy contentos y agradecidos por la iniciativa de Marcela de ayudar al CEF N\u00ba 76, y poder al menos comprar los materiales para arreglar el techo y las partes internas. Ya se ha recaudado gracias a la comunidad de Necochea y Quequ\u00e9n alrededor de 200 mil pesos, ya que se vendieron casi 300 de los mil que va a caminar Marcela Vivas Urrutia desde este 29\u201d.<\/p>\n<p>\u201cElla es muy religiosa y es algo que ten\u00eda pendiente hace mucho. Se le pospuso por la pandemia pero lo ten\u00eda planeado, y ahora se le dio, ella est\u00e1 en Madrid y a las 14 del 29 caminar\u00e1 desde Francia y har\u00e1 un recorrido que le llevar\u00e1 casi un mes, haciendo algo m\u00e1s de 20 kil\u00f3metros por d\u00eda\u201d, acot\u00f3 Herrera en referencia a Vivas Urrutia, actualmente ubicada en Espa\u00f1a.<\/p>\n<p>En lo concerniente al problema de fondo en la instituci\u00f3n de Quequ\u00e9n, la directora cont\u00f3 que \u201ces muy costoso el arreglo, estaba en alrededor de 2 millones de pesos en julio y ahora debe haber aumentado con la inflaci\u00f3n, no llegamos ni a comprar los materiales, pero todo suma y estamos tratando de hacer notas a empresas y al Consejo Escolar para que nos colaboren de distintas maneras\u201d.<\/p>\n<p>Herrera acot\u00f3 que \u201ctodos los d\u00edas caen trozos de isover al SUM, en el piso donde hacen actividad ni\u00f1os, j\u00f3venes y adultos, y no es nada agradable\u2026 adem\u00e1s despide como una espuma vol\u00e1til que se inhala continuamente mientras se hace la actividad, y no es nada saludable\u201d, e incluso \u201ctambi\u00e9n cae la suciedad de los p\u00e1jaros, pero todos los d\u00edas gracias a la labor de los auxiliares se deja en condiciones para que se hagan las actividades, aunque es muy trabajoso\u201d, testimoni\u00f3.<\/p>\n<p>Por ello, insisti\u00f3 en el cierre de la nota que \u201cestamos tratando de hacer cartas a empresas para que nos colaboren, sabemos que siempre tienen fondos para donaci\u00f3n y el Consejo Escolar tambi\u00e9n es posible que lo saque como obra, pero puede tardar mucho. Sabemos que tienen prioridades, as\u00ed que estamos tratando de mediar tambi\u00e9n con el municipio por alg\u00fan posible subsidio que nos pueda ayudar. La cooperadora nuestra es muy fuerte y nos acompa\u00f1a en todas sus iniciativas, pero realmente no alcanza\u201d.<\/p>\n","protected":false},"excerpt":{"rendered":"<p>Hasta el mes de julio de este a\u00f1o, la reparaci\u00f3n del techo de la instituci\u00f3n quequenense ten\u00eda un presupuesto de casi dos millones de pesos, y si bien se trata de una cuantiosa suma, no bajan los brazos y destacan los gestos solidarios, como el Marcela Vivas Urrutia, que caminar\u00e1 mil kil\u00f3metros para juntar fondos. [&hellip;]<\/p>\n","protected":false},"author":3,"featured_media":93893,"comment_status":"closed","ping_status":"closed","sticky":false,"template":"","format":"standard","meta":{"footnotes":""},"categories":[3],"tags":[],"class_list":["post-93892","post","type-post","status-publish","format-standard","has-post-thumbnail","category-masnoticias"],"_links":{"self":[{"href":"https:\/\/primicias2262.com\/noticias\/wp-json\/wp\/v2\/posts\/93892","targetHints":{"allow":["GET"]}}],"collection":[{"href":"https:\/\/primicias2262.com\/noticias\/wp-json\/wp\/v2\/posts"}],"about":[{"href":"https:\/\/primicias2262.com\/noticias\/wp-json\/wp\/v2\/types\/post"}],"author":[{"embeddable":true,"href":"https:\/\/primicias2262.com\/noticias\/wp-json\/wp\/v2\/users\/3"}],"replies":[{"embeddable":true,"href":"https:\/\/primicias2262.com\/noticias\/wp-json\/wp\/v2\/comments?post=93892"}],"version-history":[{"count":0,"href":"https:\/\/primicias2262.com\/noticias\/wp-json\/wp\/v2\/posts\/93892\/revisions"}],"wp:attachment":[{"href":"https:\/\/primicias2262.com\/noticias\/wp-json\/wp\/v2\/media?parent=93892"}],"wp:term":[{"taxonomy":"category","embeddable":true,"href":"https:\/\/primicias2262.com\/noticias\/wp-json\/wp\/v2\/categories?post=93892"},{"taxonomy":"post_tag","embeddable":true,"href":"https:\/\/primicias2262.com\/noticias\/wp-json\/wp\/v2\/tags?post=93892"}],"curies":[{"name":"wp","href":"https:\/\/api.w.org\/{rel}","templated":true}]}}