{"id":93895,"date":"2022-09-28T17:39:45","date_gmt":"2022-09-28T20:39:45","guid":{"rendered":"https:\/\/primicias2262.com\/?p=93895"},"modified":"2022-09-28T17:39:45","modified_gmt":"2022-09-28T20:39:45","slug":"el-movimiento-evita-estuvo-presente-en-el-encuentro-de-mujeres","status":"publish","type":"post","link":"https:\/\/primicias2262.com\/noticias\/el-movimiento-evita-estuvo-presente-en-el-encuentro-de-mujeres\/","title":{"rendered":"El Movimiento Evita estuvo presente en el Encuentro de Mujeres"},"content":{"rendered":"<div dir=\"auto\">Bajo el lema \u00abLa sociedad del Cuidado\u00bb se llev\u00f3 adelante en nuestra ciudad el encuentro de mujeres pol\u00edticas en el que participaron unas 40 mujeres nucleadas en el Movimiento Evita y la UTEP Evita con la participaci\u00f3n activa en la apertura del Congreso y sus comisiones, de la concejala (s) Roc\u00edo Mateo del Frente de Todxs y responsable del Movimiento Evita de Necochea; Patricia Aranda, Secretaria General de UTEP Evita; Violeta Perez Rosso y Tabata Bellizzi responsables del Frente de Mujeres Evita.<\/div>\n<div dir=\"auto\"><\/div>\n<div dir=\"auto\">Se destacaron las participaciones de la vicegobernadora, Ver\u00f3nica Magario, la ministra de las Mujeres de la Provincia de Bs As, Estela D\u00edaz, la Diputada Nacional de nuestra ciudad, Jimena L\u00f3pez y la Diputada Provincial, Natalia Sanchez J\u00e1uregui, entre otras.<\/div>\n","protected":false},"excerpt":{"rendered":"<p>Bajo el lema \u00abLa sociedad del Cuidado\u00bb se llev\u00f3 adelante en nuestra ciudad el encuentro de mujeres pol\u00edticas en el que participaron unas 40 mujeres nucleadas en el Movimiento Evita y la UTEP Evita con la participaci\u00f3n activa en la apertura del Congreso y sus comisiones, de la concejala (s) Roc\u00edo Mateo del Frente de [&hellip;]<\/p>\n","protected":false},"author":3,"featured_media":93896,"comment_status":"closed","ping_status":"closed","sticky":false,"template":"","format":"standard","meta":{"footnotes":""},"categories":[3],"tags":[],"class_list":["post-93895","post","type-post","status-publish","format-standard","has-post-thumbnail","category-masnoticias"],"_links":{"self":[{"href":"https:\/\/primicias2262.com\/noticias\/wp-json\/wp\/v2\/posts\/93895","targetHints":{"allow":["GET"]}}],"collection":[{"href":"https:\/\/primicias2262.com\/noticias\/wp-json\/wp\/v2\/posts"}],"about":[{"href":"https:\/\/primicias2262.com\/noticias\/wp-json\/wp\/v2\/types\/post"}],"author":[{"embeddable":true,"href":"https:\/\/primicias2262.com\/noticias\/wp-json\/wp\/v2\/users\/3"}],"replies":[{"embeddable":true,"href":"https:\/\/primicias2262.com\/noticias\/wp-json\/wp\/v2\/comments?post=93895"}],"version-history":[{"count":0,"href":"https:\/\/primicias2262.com\/noticias\/wp-json\/wp\/v2\/posts\/93895\/revisions"}],"wp:attachment":[{"href":"https:\/\/primicias2262.com\/noticias\/wp-json\/wp\/v2\/media?parent=93895"}],"wp:term":[{"taxonomy":"category","embeddable":true,"href":"https:\/\/primicias2262.com\/noticias\/wp-json\/wp\/v2\/categories?post=93895"},{"taxonomy":"post_tag","embeddable":true,"href":"https:\/\/primicias2262.com\/noticias\/wp-json\/wp\/v2\/tags?post=93895"}],"curies":[{"name":"wp","href":"https:\/\/api.w.org\/{rel}","templated":true}]}}