{"id":93910,"date":"2022-09-29T14:13:11","date_gmt":"2022-09-29T17:13:11","guid":{"rendered":"https:\/\/primicias2262.com\/?p=93910"},"modified":"2022-09-29T14:13:11","modified_gmt":"2022-09-29T17:13:11","slug":"se-arreglan-pozos-de-agua-y-se-licitaran-dos-nuevos-de-cara-al-verano","status":"publish","type":"post","link":"https:\/\/primicias2262.com\/noticias\/se-arreglan-pozos-de-agua-y-se-licitaran-dos-nuevos-de-cara-al-verano\/","title":{"rendered":"Se arreglan pozos de agua y se licitar\u00e1n dos nuevos de cara al verano"},"content":{"rendered":"<p><strong>As\u00ed lo inform\u00f3 el director de Infraestructura de la comuna, Marcelo G\u00f3mez, en pos de reforzar el servicio de agua para que no haya faltantes durante la temporada.<\/strong><\/p>\n<p>En los estudios de \u201cVoces de la Ciudad\u201d y ante la consulta del periodista Hugo Arroyo, el funcionario habl\u00f3 de ese tema y de bacheo, pero respecto al agua resalt\u00f3 que \u201cestamos prepar\u00e1ndonos porque tenemos el verano encima, y estamos arreglando los pozos de explotaci\u00f3n de agua. Las bombas trabajan las 24 horas, los 365 d\u00edas del a\u00f1o y siempre ten\u00e9s alg\u00fan desperfecto que puede ser mec\u00e1nico o el\u00e9ctrico, que se queme una bomba es algo normal, as\u00ed que se vienen reparando para llegar bien al verano\u201d.<\/p>\n<p>En ese marco anticip\u00f3 una noticia importante: \u201cEstamos trabajando en una licitaci\u00f3n de dos pozos nuevos, uno en 42 y 47 detr\u00e1s del predio del neuropsiqui\u00e1trico, casi sobre la ruta, y otro en Quequ\u00e9n en 524 y 513\u201d, inform\u00f3 G\u00f3mez, argumentando que \u201cson dos lugares en los que hemos tenido problemas en verano cuando baja la presi\u00f3n, as\u00ed que se ha hecho el estudio para ejecutar pozos en esos sectores\u201d.<\/p>\n<p>Asimismo, no soslay\u00f3 que \u201chay sectores de ca\u00f1er\u00eda muy vieja de avestocemento, y si bien el recambio de ca\u00f1er\u00eda tiene un costo muy elevado, lo cierto es que hay que ir pensando un recambio, sobre todo en Diagonal San Mart\u00edn y alg\u00fan lugar de la playa\u201d.<\/p>\n<p>Por otra parte, se refiri\u00f3 al tema bacheo, subrayando que \u201cllevamos alrededor de 16 mil metros cuadrados ejecutados, se ha hecho mucho y se han encarado baches hist\u00f3ricos, pero hay mucho para seguir haciendo\u201d, y fue all\u00ed cuando puntualiz\u00f3 que \u201cpor ah\u00ed lo que est\u00e1 faltando en la ciudad es el mantenimiento de tomado de junta\u201d, y respecto a ello \u201cestamos preparando una licitaci\u00f3n para agarrar la Diagonal San Mart\u00edn, desde 38 hasta 79 y empezar con tomado de junta, que te mantiene la losa sin que se filtre el agua y se vaya socavando abajo\u201d.<\/p>\n<p>Agreg\u00f3 a ello que \u201cse arrancar\u00eda con una primera etapa de tomado de junta que comprende las arterias principales, primero la Diagonal San Mart\u00edn, despu\u00e9s la Av. 59, la Av. 10 desde 59 a 89, algo sobre la 2, pero lo primero ser\u00e1 en la Diagonal San Mart\u00edn, todo tiene un costo y se hace con fondos municipales, as\u00ed que vamos graduando de acuerdo a los fondos\u201d.<\/p>\n<p>Finalmente, al retomar el tema de bacheo, G\u00f3mez asegur\u00f3 que \u201cvenimos trabajando en varios frentes, poniendo en condiciones para una mejor transitabilidad, y ahora queremos agarrar de lleno la 71 desde 10 a 2, tenemos muchos baches para hacer y queremos acomodar todo ese sector de la playa de cara al verano\u201d.<\/p>\n","protected":false},"excerpt":{"rendered":"<p>As\u00ed lo inform\u00f3 el director de Infraestructura de la comuna, Marcelo G\u00f3mez, en pos de reforzar el servicio de agua para que no haya faltantes durante la temporada. En los estudios de \u201cVoces de la Ciudad\u201d y ante la consulta del periodista Hugo Arroyo, el funcionario habl\u00f3 de ese tema y de bacheo, pero respecto [&hellip;]<\/p>\n","protected":false},"author":3,"featured_media":93911,"comment_status":"closed","ping_status":"closed","sticky":false,"template":"","format":"standard","meta":{"footnotes":""},"categories":[3],"tags":[],"class_list":["post-93910","post","type-post","status-publish","format-standard","has-post-thumbnail","category-masnoticias"],"_links":{"self":[{"href":"https:\/\/primicias2262.com\/noticias\/wp-json\/wp\/v2\/posts\/93910","targetHints":{"allow":["GET"]}}],"collection":[{"href":"https:\/\/primicias2262.com\/noticias\/wp-json\/wp\/v2\/posts"}],"about":[{"href":"https:\/\/primicias2262.com\/noticias\/wp-json\/wp\/v2\/types\/post"}],"author":[{"embeddable":true,"href":"https:\/\/primicias2262.com\/noticias\/wp-json\/wp\/v2\/users\/3"}],"replies":[{"embeddable":true,"href":"https:\/\/primicias2262.com\/noticias\/wp-json\/wp\/v2\/comments?post=93910"}],"version-history":[{"count":0,"href":"https:\/\/primicias2262.com\/noticias\/wp-json\/wp\/v2\/posts\/93910\/revisions"}],"wp:attachment":[{"href":"https:\/\/primicias2262.com\/noticias\/wp-json\/wp\/v2\/media?parent=93910"}],"wp:term":[{"taxonomy":"category","embeddable":true,"href":"https:\/\/primicias2262.com\/noticias\/wp-json\/wp\/v2\/categories?post=93910"},{"taxonomy":"post_tag","embeddable":true,"href":"https:\/\/primicias2262.com\/noticias\/wp-json\/wp\/v2\/tags?post=93910"}],"curies":[{"name":"wp","href":"https:\/\/api.w.org\/{rel}","templated":true}]}}