{"id":93918,"date":"2022-09-29T14:43:27","date_gmt":"2022-09-29T17:43:27","guid":{"rendered":"https:\/\/primicias2262.com\/?p=93918"},"modified":"2022-09-29T14:43:27","modified_gmt":"2022-09-29T17:43:27","slug":"tango-muestras-recitales-y-cine-este-fin-de-semana-en-el-centro-cultural","status":"publish","type":"post","link":"https:\/\/primicias2262.com\/noticias\/tango-muestras-recitales-y-cine-este-fin-de-semana-en-el-centro-cultural\/","title":{"rendered":"Tango, muestras, recitales y cine este fin de semana en el Centro Cultural"},"content":{"rendered":"<p>El Centro Cultural Necochea Biblioteca Popular Andr\u00e9s Ferreyra (CCN\/BPAF) los invita a disfrutar de las actividades organizadas para los pr\u00f3ximos d\u00edas que incluyen un abanico de propuestas para todos los p\u00fablicos. Varias son gratuitas, y otras con entradas cuyo valor es muy accesible.<\/p>\n<p><strong><u>Jueves 29 de septiembre: <\/u><\/strong><\/p>\n<p><strong>Clase de tango con m\u00fasica en vivo a las 19:00 horas<\/strong>. En el marco de la Semana de las Artes de la escuela Orillas del Quequ\u00e9n, la clase de tango de los jueves contar\u00e1 con la participaci\u00f3n del ensamble de tango de la escuela.\u00a0 El ensamble est\u00e1 integrado por Natalia Massa (voz), Melisa C\u00e1ceres (voz y flauta), Pedro Cipolletti (clarinete), Ian V\u00e1zquez (piano), Virginia Reyes (viol\u00edn), Bere Albelo (voz y guitarra) Cochecho Aguirre (contrabajo). Dirigidos por el profesor Sergio Crotti (guitarra).<\/p>\n<p>En el sal\u00f3n el Multiespacio, ubicado en planta baja. <em>Valor de la clase de tango $400<\/em>. M\u00e1s informaci\u00f3n al 2262654016.<\/p>\n<p>Previamente, y como todos <strong>los jueves a las 16:00 horas<\/strong>, <strong>Encuentros Musicales<\/strong> coordinado por la profesora Ana Gabino. En esta ocasi\u00f3n se proyectar\u00e1 la versi\u00f3n de la zarzuela \u201cLuisa Fernanda\u201d de Federico Moreno Torroba (Madrid 1891-1982). \u00a0Se presentar\u00e1 una coproducci\u00f3n de la \u00d3pera de Washington y del Teatro Real de Madrid estrenada en el Kennedy Center (Washington) el 6 de noviembre de 2004.<br \/>\nEn el auditorio. <em>Entrada libre y gratuita. <\/em><\/p>\n<p><strong><u>Viernes 30 de septiembre:<\/u><\/strong><u><\/p>\n<p><\/u><\/p>\n<p>A las <strong>18:30 horas<\/strong> Anabell Anzorena Su\u00e1rez y Micaela Kessler coordinar\u00e1n el cuarto encuentro del <strong>taller de poes\u00eda \u00abM\u00e1s all\u00e1 del mar\u00bb.<\/strong> Se invita a trabajar la palabra como potencia y a ejercitar el oficio de la escritura desde el trabajo con la creatividad y la b\u00fasqueda de la voz propia. Sala Bellocq, primer piso. <em>A la gorra<\/em>.<\/p>\n<p>El viernes tambi\u00e9n, habr\u00e1 un nuevo ciclo Cine del Centro Cultural. En esta oportunidad, se proyectar\u00e1n dos pel\u00edculas: a las <strong>19:00 horas, La boda de Rosa<\/strong>.\u00a0 Comedia. Dirigida por Ic\u00edar Bolla\u00edn. Con Candela Pe\u00f1a. (Premio del jurado del Festival de M\u00e1laga, ganadora del premio Feroz a mejor comedia y ganadora de dos Goyas: mejor canci\u00f3n original y actriz de reparto). <strong>A las 20:45: Lunana, un yak en la escuela<\/strong>. Opera prima de Pawo Choyning que, mostrando al mundo las peculiaridades de uno de los lugares m\u00e1s remotos de But\u00e1n, obtuvo la primera nominaci\u00f3n a los Oscar en la historia del pa\u00eds asi\u00e1tico.<br \/>\nEn el auditorio.<em> Entrada gratis para socios. Bono contribuci\u00f3n para no socios.<\/em><\/p>\n<p><strong><br \/>\nA las 20:00 horas, After Ofice. Pandemia\/postpandemia. <\/strong>Muestra de la Tecnicatura de Artes Visuales de la Escuela Provincia de Artes \u201cOrillas del Quequ\u00e9n\u201d, en el marco de la Semana de las Artes. Exponen China Olivera, I\u00f1aki Galea, Lorena Belmudez, Mart\u00edn Holzmann, Stella Cejas, Daniela Senra y Tom\u00e1s Roque.<br \/>\nSal\u00f3n Multiespacio. Planta baja.<br \/>\n<em>Entrada libre y gratuita<\/em>.<\/p>\n<p><strong>\u00a0<\/strong><strong><u>S\u00e1bado 1 de octubre: <\/u><\/strong><\/p>\n<p>Recital. A las <strong>22 horas<\/strong> se presenta <strong>Guido Arce<\/strong> <strong>Banda<\/strong>. Herederos de los m\u00e1s grandes m\u00fasicos del rock nacional, el grupo se presenta a un a\u00f1o de su formaci\u00f3n y con su tercer single \u201cPreguntas\u201d recientemente lanzado. Abrir\u00e1 la noche \u00a0la cantautora Brenda Llobet.<br \/>\nEn el sal\u00f3n Multiespacio. Planta baja.<br \/>\n<em>El valor de la entrada anticipada es de 600 pesos. <\/em><\/p>\n<p><strong>\u00a0<\/strong><strong><u>Salas de exposiciones: <\/u><\/strong><\/p>\n<p>&#8211; En <strong>Mil Formas de\u2026 el cafecito del Centro Cultural<\/strong>. Exposici\u00f3n de Christian Florent\u00edn.\u00a0 \u201cLa carrera hacia ning\u00fan lugar, el ocaso de los \u00eddolos\u201d.\u00a0 Planta baja.<\/p>\n<p>&#8211; En el <strong>rellano de la escalera<\/strong>. \u201cManifiesto\u201d. Muestra y enunciaci\u00f3n.<br \/>\nIntervenci\u00f3n de Bosque y Comunidad. En un espacio donde, sobre la pared frontal, la direcci\u00f3n del Centro Cultural ha vuelto a colgar una foto hist\u00f3rica del Parque Miguel Lillo que fue un regalo del reconocido fot\u00f3grafo Horacio Coppola. El Parque es reconocido como obra-en-s\u00ed-misma, una maravillosa obra de ingenier\u00eda forestal, y al mismo tiempo, como dispositivo para la creaci\u00f3n de pensamiento com\u00fan para la construcci\u00f3n.<\/p>\n","protected":false},"excerpt":{"rendered":"<p>El Centro Cultural Necochea Biblioteca Popular Andr\u00e9s Ferreyra (CCN\/BPAF) los invita a disfrutar de las actividades organizadas para los pr\u00f3ximos d\u00edas que incluyen un abanico de propuestas para todos los p\u00fablicos. Varias son gratuitas, y otras con entradas cuyo valor es muy accesible. Jueves 29 de septiembre: Clase de tango con m\u00fasica en vivo a [&hellip;]<\/p>\n","protected":false},"author":3,"featured_media":93919,"comment_status":"closed","ping_status":"closed","sticky":false,"template":"","format":"standard","meta":{"footnotes":""},"categories":[3],"tags":[],"class_list":["post-93918","post","type-post","status-publish","format-standard","has-post-thumbnail","category-masnoticias"],"_links":{"self":[{"href":"https:\/\/primicias2262.com\/noticias\/wp-json\/wp\/v2\/posts\/93918","targetHints":{"allow":["GET"]}}],"collection":[{"href":"https:\/\/primicias2262.com\/noticias\/wp-json\/wp\/v2\/posts"}],"about":[{"href":"https:\/\/primicias2262.com\/noticias\/wp-json\/wp\/v2\/types\/post"}],"author":[{"embeddable":true,"href":"https:\/\/primicias2262.com\/noticias\/wp-json\/wp\/v2\/users\/3"}],"replies":[{"embeddable":true,"href":"https:\/\/primicias2262.com\/noticias\/wp-json\/wp\/v2\/comments?post=93918"}],"version-history":[{"count":0,"href":"https:\/\/primicias2262.com\/noticias\/wp-json\/wp\/v2\/posts\/93918\/revisions"}],"wp:attachment":[{"href":"https:\/\/primicias2262.com\/noticias\/wp-json\/wp\/v2\/media?parent=93918"}],"wp:term":[{"taxonomy":"category","embeddable":true,"href":"https:\/\/primicias2262.com\/noticias\/wp-json\/wp\/v2\/categories?post=93918"},{"taxonomy":"post_tag","embeddable":true,"href":"https:\/\/primicias2262.com\/noticias\/wp-json\/wp\/v2\/tags?post=93918"}],"curies":[{"name":"wp","href":"https:\/\/api.w.org\/{rel}","templated":true}]}}