{"id":93923,"date":"2022-09-29T14:52:58","date_gmt":"2022-09-29T17:52:58","guid":{"rendered":"https:\/\/primicias2262.com\/?p=93923"},"modified":"2022-09-29T14:52:58","modified_gmt":"2022-09-29T17:52:58","slug":"pro-en-necochea-buscamos-conseguir-la-intendencia-o-al-menos-lograr-sentar-concejales","status":"publish","type":"post","link":"https:\/\/primicias2262.com\/noticias\/pro-en-necochea-buscamos-conseguir-la-intendencia-o-al-menos-lograr-sentar-concejales\/","title":{"rendered":"PRO en Necochea: \u201cBuscamos conseguir la intendencia o al menos lograr sentar concejales\u201d"},"content":{"rendered":"<p>As\u00ed lo afirm\u00f3 una de las referente locales del PRO en la ciudad, Marcela Fern\u00e1ndez Palma, quien junto a Mat\u00edas Ferrazzini contaron c\u00f3mo se preparan para el 2023 electoral que se viene por delante.<\/p>\n<p>En di\u00e1logo con el periodista Hugo Moller en los estudios de Voces de la Ciudad, Fern\u00e1ndez Palma expres\u00f3 que \u201cel PRO hace rato que viene con movimientos internos, sobre todo para el tema presidenciable y gobernador, y ac\u00e1 en el \u00e1mbito local estamos buscando unificar. La idea es presentar una sola lista porque si no nos pasa lo que nos ocurri\u00f3 en la \u00faltima elecci\u00f3n, dividimos fuerzas y no tenemos representaci\u00f3n dentro del Concejo\u00bb.<\/p>\n<p>\u00abLo que nosotros buscamos es conseguir la intendencia o al menos lograr sentar concejales dentro del Concejo Deliberante\u201d, afirm\u00f3.<\/p>\n<p>En tanto, Ferrazini destac\u00f3 que \u201cla idea es unir a todo el grupo a partir de lo que pase en Naci\u00f3n y gobernaci\u00f3n, y desde ah\u00ed unificar aqu\u00ed en Necochea, con la idea de que el que m\u00e1s mida sea el candidato en la ciudad y despu\u00e9s una lista unificada de concejales del PRO, es lo que estamos intentando hace rato y ojala se logre, independientemente de que ya hay dos candidatos por dos l\u00edneas diferentes del PRO: Eugenia Vallota por Cristian Ritondo y Mart\u00edn Migueles por el lado de Santilli\u201d.<\/p>\n<p>Fern\u00e1ndez Palma aclar\u00f3 que \u201cnosotros nos referenciamos con Patricia Bullrich, hace tres a\u00f1os que vengo arm\u00e1ndole la Quinta secci\u00f3n electoral y localmente tenemos una propuesta diferente. Cada una de estas personas que hoy se quieren presentar para candidatos a intendente lo primero y m\u00e1s importante es que tienen las fuerzas y las ganas de hacerlo\u00bb.<\/p>\n<p>\u201cUna de las cosas que proponemos con Mat\u00edas es que el intendente no se quede solo, ya que cuando un intendente termina asumiendo generalmente se olvida de todas las promesas que hizo en campa\u00f1a al vecino. Aquellos que acompa\u00f1emos a los candidatos les estaremos recordando constantemente los cinco puntos en que nos pusimos de acuerdo, y que tenga con quien dialogar para que no se encuentre tan solo\u201d, argument\u00f3 la referente.<\/p>\n<p>\u201cEntonces \u2013prosigui\u00f3- lo que buscamos es que quien sea intendente no se olvide de las promesas en campa\u00f1a, que no empiece a no escuchar lo que le pasa a los vecinos y que no se cierre entre ese grupo de personas que el endulzan el o\u00eddo\u201d.<\/p>\n<p>A su vez, \u201cotro tema fundamental que proponemos es lo siguiente: el municipio tiene gente muy valiosa trabajando hace mucho tiempo y que aquellas personas de carrera que hace muchos a\u00f1os que est\u00e1n en el municipio terminen siendo los secretarios de cada una de las \u00e1reas, y eso obliga a que el intendente no se camufle con aquellas personas que ideol\u00f3gicamente lo siguen, porque tendr\u00e1 una mirada completamente distinta\u201d, puntualiz\u00f3 Fern\u00e1ndez Palma.<\/p>\n<p>En ello mismo hizo hincapi\u00e9 Ferrazzini, al comparar que \u201csi Patricia Bullrich llega a la presidencia va a precisar un grupo muy grande para trabajar, no es ella sola, y lo mismo va a pasar a nivel local: no es solamente el intendente, que ser\u00e1 la cabeza, pero tiene que haber un grupo atr\u00e1s para trabajar, ya que Necochea no se puede resolver con una sola persona\u00bb.<\/p>\n<p>\u00abTiene que haber un equipo atr\u00e1s, y que ese equipo no est\u00e9 formado solo por aquellas personas que lo vienen acompa\u00f1ando al intendente, porque si no escuch\u00e1s siempre las mismas voces, sino que el grupo tiene que ser heterog\u00e9neo para que todas las ideas lleguen y se discutan con la gente que est\u00e1 dentro del municipio hace 20 a\u00f1os o m\u00e1s y sabe mucho m\u00e1s de lo que pasa adentro que lo que sabemos nosotros\u201d, finaliz\u00f3.<\/p>\n","protected":false},"excerpt":{"rendered":"<p>As\u00ed lo afirm\u00f3 una de las referente locales del PRO en la ciudad, Marcela Fern\u00e1ndez Palma, quien junto a Mat\u00edas Ferrazzini contaron c\u00f3mo se preparan para el 2023 electoral que se viene por delante. En di\u00e1logo con el periodista Hugo Moller en los estudios de Voces de la Ciudad, Fern\u00e1ndez Palma expres\u00f3 que \u201cel PRO [&hellip;]<\/p>\n","protected":false},"author":3,"featured_media":93924,"comment_status":"closed","ping_status":"closed","sticky":false,"template":"","format":"standard","meta":{"footnotes":""},"categories":[3],"tags":[],"class_list":["post-93923","post","type-post","status-publish","format-standard","has-post-thumbnail","category-masnoticias"],"_links":{"self":[{"href":"https:\/\/primicias2262.com\/noticias\/wp-json\/wp\/v2\/posts\/93923","targetHints":{"allow":["GET"]}}],"collection":[{"href":"https:\/\/primicias2262.com\/noticias\/wp-json\/wp\/v2\/posts"}],"about":[{"href":"https:\/\/primicias2262.com\/noticias\/wp-json\/wp\/v2\/types\/post"}],"author":[{"embeddable":true,"href":"https:\/\/primicias2262.com\/noticias\/wp-json\/wp\/v2\/users\/3"}],"replies":[{"embeddable":true,"href":"https:\/\/primicias2262.com\/noticias\/wp-json\/wp\/v2\/comments?post=93923"}],"version-history":[{"count":0,"href":"https:\/\/primicias2262.com\/noticias\/wp-json\/wp\/v2\/posts\/93923\/revisions"}],"wp:attachment":[{"href":"https:\/\/primicias2262.com\/noticias\/wp-json\/wp\/v2\/media?parent=93923"}],"wp:term":[{"taxonomy":"category","embeddable":true,"href":"https:\/\/primicias2262.com\/noticias\/wp-json\/wp\/v2\/categories?post=93923"},{"taxonomy":"post_tag","embeddable":true,"href":"https:\/\/primicias2262.com\/noticias\/wp-json\/wp\/v2\/tags?post=93923"}],"curies":[{"name":"wp","href":"https:\/\/api.w.org\/{rel}","templated":true}]}}