{"id":93938,"date":"2022-09-30T14:04:55","date_gmt":"2022-09-30T17:04:55","guid":{"rendered":"https:\/\/primicias2262.com\/?p=93938"},"modified":"2022-09-30T14:04:55","modified_gmt":"2022-09-30T17:04:55","slug":"arrate-el-aumento-de-los-combustibles-se-ha-venido-postergando-desde-principio-de-ano","status":"publish","type":"post","link":"https:\/\/primicias2262.com\/noticias\/arrate-el-aumento-de-los-combustibles-se-ha-venido-postergando-desde-principio-de-ano\/","title":{"rendered":"Arrate: \u201cEl aumento de los combustibles se ha venido postergando desde principio de a\u00f1o\u201d"},"content":{"rendered":"<p><strong>El empresario local, Jos\u00e9 Luis Arrate, referente del Grupo Arrate, se refiri\u00f3 en \u201cVoces de la Ciudad\u201d a dos temas candentes de la econom\u00eda actual: un nuevo aumento de los combustibles y el faltante de neum\u00e1ticos.<\/strong><\/p>\n<p>En cuanto al combustible, sostuvo que \u00abse super\u00f3 la falta (de gasoil) que hab\u00eda porque pasamos los picos de cosecha, pero con respecto al aumento de precios se ha venido postergando desde principios de a\u00f1o\u00bb.<\/p>\n<p>Explicado el contexto, Arrate sentenci\u00f3 que \u201cas\u00ed y todo estaban proyectados aumentos trimestrales que se han venido postergando desde principio de a\u00f1o y ahora se va a aplicar una parte, y otra parte que estar\u00eda en vencimiento ahora se va a postergar hasta fin de a\u00f1o\u201d.<\/p>\n<p>Sumado a eso, \u201ces muy posible que se recargue un porcentaje al producto, porque lo primero que hablamos es un aumento de impuestos, que va a redundar en un 3% en el gasoil y un 4,5% en las naftas, pero tambi\u00e9n se est\u00e1 hablando de que las petroleras aumentar\u00edan sus valores, que est\u00e1n muy relegados\u201d, explic\u00f3.<\/p>\n<p>Por \u00faltimo respecto a este tema, Arrate sostuvo que \u201cac\u00e1 estamos lejos de los valores internacionales y de cualquier pa\u00eds lim\u00edtrofe, a un 60%, ya sea Uruguay o Chile, que se cruzan a Argentina a cargar combustible por lo barato que es, y eso nos ocasiona problemas de abastecimiento y p\u00e9rdida de dinero, porque estamos dando un producto subsidiado a otros pa\u00edses, o a gente que se va de paseo a otros pa\u00edses\u201d.<\/p>\n<p>Por otra parte, como empresario de venta de autos, se refiri\u00f3 a la venta de neum\u00e1ticos, respondiendo de forma tajante que \u201cest\u00e1 complicad\u00edsimo, hace muchos meses que venimos teniendo problemas de stock porque las f\u00e1bricas no ten\u00edan la materia prima y no daban abasto, no pod\u00edan importar y tuvieron que pararse de fabricar ciertas l\u00edneas de veh\u00edculos porque no hay cubiertas para ponerles\u201d.<\/p>\n<p>Es m\u00e1s, manifest\u00f3 que \u201cno hay un panorama de reinicio de trabajo de esas plantas, as\u00ed que estamos muy complicados, incluso hay maquinarias agr\u00edcolas que quedan paradas por falta de cubiertas y las f\u00e1bricas de maquinarias agr\u00edcolas est\u00e1n vendiendo las m\u00e1quinas sin cubiertas porque no hay para ponerles\u201d.<\/p>\n","protected":false},"excerpt":{"rendered":"<p>El empresario local, Jos\u00e9 Luis Arrate, referente del Grupo Arrate, se refiri\u00f3 en \u201cVoces de la Ciudad\u201d a dos temas candentes de la econom\u00eda actual: un nuevo aumento de los combustibles y el faltante de neum\u00e1ticos. En cuanto al combustible, sostuvo que \u00abse super\u00f3 la falta (de gasoil) que hab\u00eda porque pasamos los picos de [&hellip;]<\/p>\n","protected":false},"author":3,"featured_media":75474,"comment_status":"closed","ping_status":"closed","sticky":false,"template":"","format":"standard","meta":{"footnotes":""},"categories":[3],"tags":[],"class_list":["post-93938","post","type-post","status-publish","format-standard","has-post-thumbnail","category-masnoticias"],"_links":{"self":[{"href":"https:\/\/primicias2262.com\/noticias\/wp-json\/wp\/v2\/posts\/93938","targetHints":{"allow":["GET"]}}],"collection":[{"href":"https:\/\/primicias2262.com\/noticias\/wp-json\/wp\/v2\/posts"}],"about":[{"href":"https:\/\/primicias2262.com\/noticias\/wp-json\/wp\/v2\/types\/post"}],"author":[{"embeddable":true,"href":"https:\/\/primicias2262.com\/noticias\/wp-json\/wp\/v2\/users\/3"}],"replies":[{"embeddable":true,"href":"https:\/\/primicias2262.com\/noticias\/wp-json\/wp\/v2\/comments?post=93938"}],"version-history":[{"count":0,"href":"https:\/\/primicias2262.com\/noticias\/wp-json\/wp\/v2\/posts\/93938\/revisions"}],"wp:attachment":[{"href":"https:\/\/primicias2262.com\/noticias\/wp-json\/wp\/v2\/media?parent=93938"}],"wp:term":[{"taxonomy":"category","embeddable":true,"href":"https:\/\/primicias2262.com\/noticias\/wp-json\/wp\/v2\/categories?post=93938"},{"taxonomy":"post_tag","embeddable":true,"href":"https:\/\/primicias2262.com\/noticias\/wp-json\/wp\/v2\/tags?post=93938"}],"curies":[{"name":"wp","href":"https:\/\/api.w.org\/{rel}","templated":true}]}}