{"id":93940,"date":"2022-09-30T14:10:46","date_gmt":"2022-09-30T17:10:46","guid":{"rendered":"https:\/\/primicias2262.com\/?p=93940"},"modified":"2022-09-30T14:10:46","modified_gmt":"2022-09-30T17:10:46","slug":"la-temporada-va-a-ser-buena-porque-con-el-dolar-alto-no-es-muy-viable-salir-al-exterior","status":"publish","type":"post","link":"https:\/\/primicias2262.com\/noticias\/la-temporada-va-a-ser-buena-porque-con-el-dolar-alto-no-es-muy-viable-salir-al-exterior\/","title":{"rendered":"\u201cLa temporada va a ser buena porque con el d\u00f3lar alto no es muy viable salir al exterior\u201d"},"content":{"rendered":"<p>As\u00ed opin\u00f3 el presidente de la C\u00e1mara Comercial de Necochea, Mariano Gonz\u00e1lez, cuando se le pregunt\u00f3 en \u201cVoces de la Ciudad\u201d acerca de sus expectativas y las de los comerciantes de cara al pr\u00f3ximo verano.<\/p>\n<p>\u201cLa temporada de verano va a ser buena porque con el d\u00f3lar tan alto no es muy viable salir al exterior, as\u00ed que la temporada va a ser buena y nosotros tenemos que tratar de tener un equilibrio de los precios\u201d, comenz\u00f3 opinando Gonz\u00e1lez en di\u00e1logo con el periodista Hugo Arroyo.<\/p>\n<p>En ese marco, afirm\u00f3 que \u201cen vez de aprovecharnos de la situaci\u00f3n tenemos que sacar el mejor beneficio a la misma y convertirnos nuevamente en una plaza de turismo grande y fuerte para que la persona te elija, no porque no puede irse al exterior, sino porque se siente a gusto en los lugares tur\u00edsticos del pa\u00eds\u201d.<\/p>\n<p>Acto seguido insisti\u00f3 en que \u201cla temporada va a ser buena porque con un d\u00f3lar turista de 350 pesos la mayor\u00eda de la gente se va a quedar, as\u00ed que es una oportunidad \u00fanica. Tenemos que aprovechar todas las herramientas que se nos est\u00e1n dando, hay que ser inteligentes y pensar a futuro\u201d.<\/p>\n<p>Finalmente, se refiri\u00f3 al dif\u00edcil presente del sector, al se\u00f1alar que \u201cestamos pasando por un a\u00f1o muy complicado, donde no tuvimos nada firme, hoy los precios var\u00edan, un proveedor me mand\u00f3 tres precios de d\u00f3lar diferente para los productos\u00bb.<\/p>\n<p>En ese sentido explic\u00f3 que \u00abse nos est\u00e1 complicando mucho para trabajar, y pedimos que la gente tenga un poquito de paciencia, al haberse cortado la importaci\u00f3n nos faltan muchos productos y el esfuerzo que est\u00e1 haciendo el comerciante es grande. Ning\u00fan comerciante quiere cerrar ni echar gente, pero estamos en una coyuntura que se complica, y todo lo que estamos haciendo desde la C\u00e1mara es para beneficio del comercio\u201d.<\/p>\n","protected":false},"excerpt":{"rendered":"<p>As\u00ed opin\u00f3 el presidente de la C\u00e1mara Comercial de Necochea, Mariano Gonz\u00e1lez, cuando se le pregunt\u00f3 en \u201cVoces de la Ciudad\u201d acerca de sus expectativas y las de los comerciantes de cara al pr\u00f3ximo verano. \u201cLa temporada de verano va a ser buena porque con el d\u00f3lar tan alto no es muy viable salir al [&hellip;]<\/p>\n","protected":false},"author":3,"featured_media":86285,"comment_status":"closed","ping_status":"closed","sticky":false,"template":"","format":"standard","meta":{"footnotes":""},"categories":[3],"tags":[],"class_list":["post-93940","post","type-post","status-publish","format-standard","has-post-thumbnail","category-masnoticias"],"_links":{"self":[{"href":"https:\/\/primicias2262.com\/noticias\/wp-json\/wp\/v2\/posts\/93940","targetHints":{"allow":["GET"]}}],"collection":[{"href":"https:\/\/primicias2262.com\/noticias\/wp-json\/wp\/v2\/posts"}],"about":[{"href":"https:\/\/primicias2262.com\/noticias\/wp-json\/wp\/v2\/types\/post"}],"author":[{"embeddable":true,"href":"https:\/\/primicias2262.com\/noticias\/wp-json\/wp\/v2\/users\/3"}],"replies":[{"embeddable":true,"href":"https:\/\/primicias2262.com\/noticias\/wp-json\/wp\/v2\/comments?post=93940"}],"version-history":[{"count":0,"href":"https:\/\/primicias2262.com\/noticias\/wp-json\/wp\/v2\/posts\/93940\/revisions"}],"wp:attachment":[{"href":"https:\/\/primicias2262.com\/noticias\/wp-json\/wp\/v2\/media?parent=93940"}],"wp:term":[{"taxonomy":"category","embeddable":true,"href":"https:\/\/primicias2262.com\/noticias\/wp-json\/wp\/v2\/categories?post=93940"},{"taxonomy":"post_tag","embeddable":true,"href":"https:\/\/primicias2262.com\/noticias\/wp-json\/wp\/v2\/tags?post=93940"}],"curies":[{"name":"wp","href":"https:\/\/api.w.org\/{rel}","templated":true}]}}