{"id":93942,"date":"2022-09-30T14:19:55","date_gmt":"2022-09-30T17:19:55","guid":{"rendered":"https:\/\/primicias2262.com\/?p=93942"},"modified":"2022-09-30T14:19:55","modified_gmt":"2022-09-30T17:19:55","slug":"convocatoria-para-participar-en-el-salon-anual-de-arte-angel-i-murga","status":"publish","type":"post","link":"https:\/\/primicias2262.com\/noticias\/convocatoria-para-participar-en-el-salon-anual-de-arte-angel-i-murga\/","title":{"rendered":"Convocatoria para participar en el Sal\u00f3n Anual de Arte \u201c\u00c1ngel I. Murga\u201d"},"content":{"rendered":"<p><strong>La recepci\u00f3n de las obras se inciar\u00e1 el pr\u00f3ximo lunes 3 de octubre <\/strong><\/p>\n<p>El Centro Cultural de Necochea Biblioteca Popular Andr\u00e9s Ferreyra (CCN\/BPAF) convoca a participar en la edici\u00f3n N\u00b0 41 del <strong>Sal\u00f3n Anual de Arte \u201c\u00c1ngel I. Murga\u201d<\/strong>, que <strong>ser\u00e1 inaugurado el d\u00eda viernes 14 de octubre a las 20:00 horas<\/strong>.<\/p>\n<p>La <strong>recepci\u00f3n de las obras ser\u00e1 a partir del lunes 3 de octubre<\/strong> al martes 11 de octubre inclusive, en el horario de 14 a 20 horas.<\/p>\n<ul>\n<li>Se aceptar\u00e1n obras de dibujo, pintura, grabado, escultura, fotograf\u00eda y cer\u00e1mica en cualquiera de sus t\u00e9cnicas y procedimientos.<\/li>\n<li>No se aceptar\u00e1n en esta edici\u00f3n otras producciones que no se encuadren en el punto anterior.<\/li>\n<li>Se admitir\u00e1 una obra por participante.<\/li>\n<li>Las obras deber\u00e1n ser originales no admiti\u00e9ndose las copias de obras de otros artistas.<\/li>\n<li>El canon de inscripci\u00f3n para la presente edici\u00f3n ser\u00e1 de $200, por participante.<\/li>\n<\/ul>\n<p><strong>REQUISITOS PARA LA ADMISI\u00d3N:<\/strong><\/p>\n<ul>\n<li>Medida m\u00e1xima: 1,10 m. en su lado mayor, incluido el marco.<\/li>\n<li>En condiciones de ser colgadas (pitones y alambre).<\/li>\n<li>La obra deber\u00e1 ir acompa\u00f1ada de una tarjeta donde consten: autor, t\u00edtulo, t\u00e9cnica, a\u00f1o de ejecuci\u00f3n.<\/li>\n<\/ul>\n<p><strong>NO SER\u00c1N ADMITIDAS:<\/strong><\/p>\n<ul>\n<li>Las obras que no posean elementos para ser colgadas (pitones, alambre etc.)<\/li>\n<li>Las obras ya exhibidas en este Sal\u00f3n en ediciones anteriores.<\/li>\n<li>Las obras que tengan m\u00e1s de 2(DOS) a\u00f1os de realizadas.<\/li>\n<li>Las obras de autores menores de 16 a\u00f1os.<\/li>\n<li>Las obras de autores ya fallecidos.<\/li>\n<li>Las esculturas que no garanticen su estabilidad o que a criterio de los organizadores constituyan un riesgo para los espectadores.<\/li>\n<\/ul>\n<p>El CCN\/BPAF velar\u00e1 por la integridad de la obra, pero no se hace responsable por da\u00f1os que pudiera sufrir durante el montaje o en el transcurso de la exposici\u00f3n y deber\u00e1n ser retiradas dentro de los 10 d\u00edas de finalizado el Sal\u00f3n.<\/p>\n<p>Para mayor informaci\u00f3n se puede llamar al tel\u00e9fono 42-4117 o al mail centroculturalnecochea@gmail.com<\/p>\n<p>&nbsp;<\/p>\n<p>&nbsp;<\/p>\n","protected":false},"excerpt":{"rendered":"<p>La recepci\u00f3n de las obras se inciar\u00e1 el pr\u00f3ximo lunes 3 de octubre El Centro Cultural de Necochea Biblioteca Popular Andr\u00e9s Ferreyra (CCN\/BPAF) convoca a participar en la edici\u00f3n N\u00b0 41 del Sal\u00f3n Anual de Arte \u201c\u00c1ngel I. Murga\u201d, que ser\u00e1 inaugurado el d\u00eda viernes 14 de octubre a las 20:00 horas. La recepci\u00f3n de [&hellip;]<\/p>\n","protected":false},"author":3,"featured_media":93943,"comment_status":"closed","ping_status":"closed","sticky":false,"template":"","format":"standard","meta":{"footnotes":""},"categories":[3],"tags":[],"class_list":["post-93942","post","type-post","status-publish","format-standard","has-post-thumbnail","category-masnoticias"],"_links":{"self":[{"href":"https:\/\/primicias2262.com\/noticias\/wp-json\/wp\/v2\/posts\/93942","targetHints":{"allow":["GET"]}}],"collection":[{"href":"https:\/\/primicias2262.com\/noticias\/wp-json\/wp\/v2\/posts"}],"about":[{"href":"https:\/\/primicias2262.com\/noticias\/wp-json\/wp\/v2\/types\/post"}],"author":[{"embeddable":true,"href":"https:\/\/primicias2262.com\/noticias\/wp-json\/wp\/v2\/users\/3"}],"replies":[{"embeddable":true,"href":"https:\/\/primicias2262.com\/noticias\/wp-json\/wp\/v2\/comments?post=93942"}],"version-history":[{"count":0,"href":"https:\/\/primicias2262.com\/noticias\/wp-json\/wp\/v2\/posts\/93942\/revisions"}],"wp:attachment":[{"href":"https:\/\/primicias2262.com\/noticias\/wp-json\/wp\/v2\/media?parent=93942"}],"wp:term":[{"taxonomy":"category","embeddable":true,"href":"https:\/\/primicias2262.com\/noticias\/wp-json\/wp\/v2\/categories?post=93942"},{"taxonomy":"post_tag","embeddable":true,"href":"https:\/\/primicias2262.com\/noticias\/wp-json\/wp\/v2\/tags?post=93942"}],"curies":[{"name":"wp","href":"https:\/\/api.w.org\/{rel}","templated":true}]}}