{"id":93948,"date":"2022-09-30T14:32:29","date_gmt":"2022-09-30T17:32:29","guid":{"rendered":"https:\/\/primicias2262.com\/?p=93948"},"modified":"2022-09-30T14:32:29","modified_gmt":"2022-09-30T17:32:29","slug":"una-numerosa-delegacion-de-necochea-viaja-este-sabado-a-las-finales-de-los-juegos-bonaerenses","status":"publish","type":"post","link":"https:\/\/primicias2262.com\/noticias\/una-numerosa-delegacion-de-necochea-viaja-este-sabado-a-las-finales-de-los-juegos-bonaerenses\/","title":{"rendered":"Una numerosa delegaci\u00f3n de Necochea viaja este s\u00e1bado a las finales de los Juegos Bonaerenses"},"content":{"rendered":"<p><strong>Entre los j\u00f3venes deportistas, representantes de la cultura y los profesores y coordinadores a cargo son m\u00e1s de 200 personas que viajar\u00e1n a Mar del Plata en dos tandas desde el Polideportivo Municipal.<\/strong><\/p>\n<div class=\"wp-block-media-text alignwide is-stacked-on-mobile\">\n<div class=\"wp-block-media-text__content\">\n<p>Desde este s\u00e1bado 1\u00ba al jueves 6 de octubre se vivir\u00e1 en Mar del Plata la etapa final \u00a0de la 31\u00ba edici\u00f3n de los Juegos Bonaerenses, el evento social, deportivo y cultural m\u00e1s importante de la Provincia, donde Necochea estar\u00e1 presente con m\u00e1s de 200 representantes que viajar\u00e1n este s\u00e1bado desde el Polideportivo Municipal \u201cEdgardo Hugo Yelpo\u201d.<\/p>\n<p>La delegaci\u00f3n necochense estar\u00e1 a cargo de la Direcci\u00f3n de Deportes, cuya titular, Guadalupe Hern\u00e1ndez, detall\u00f3 que viajar\u00e1n en dos tandas desde el Polideportivo Municipal, una primera que saldr\u00e1 a las 8 y la segunda a partir de las 12.30 del mediod\u00eda, totalizando 227 personas.<\/p>\n<\/div>\n<\/div>\n<p><strong>Las disciplinas deportivas donde Necochea tendr\u00e1 representaci\u00f3n:<\/strong><\/p>\n<p>Atletismo, Atletismo PCD, B\u00e1squetbol Sub 13 masculino, B\u00e1squetbol 3\u00d73 Sub 16 femenino, B\u00e1squetbol 3\u00d73 Sub 18 femenino, B\u00e1squetbol 3\u00d73 Universitario femenino, Bochas masculino, Caminata, Cestobol Sub 14 femenino, Cestobol Sub 17 femenino, Cestobol 3\u00d73 Sub 18 femenino, Cestobol 3\u00d73 Universitario femenino, F\u00fatbol intelectual PCD femenino y F\u00fatbol Playa Sub 16 masculino.<\/p>\n<p>Golf Sub 15 masculino, H\u00e1ndbol Sub 14 femenino, H\u00e1ndbol Sub 16 femenino, H\u00e1ndbol Sub 14 masculino, H\u00e1ndbol Sub 16 masculino, H\u00e1ndbol Sub 18 masculino, Hockey Sub 14 femenino, Hockey Sub 18 femenino, Nataci\u00f3n PCD, P\u00e1del Sub 14 femenino, Pat\u00edn Art\u00edstico Sub 16 Tercera C, Taba, Tenis de Mesa Sub 18 femenino PCD, Teje femenino \u201cB\u201d y Truco.<\/p>\n<p>Asimismo, tambi\u00e9n este s\u00e1bado estar\u00e1 viajando la delegaci\u00f3n necochense de Cultura para las finales de los Bonaerenses, integrada por Laura Santarelli en Narraci\u00f3n Oral PCD; Gloria Inguino en Solista Vocal PCD; Victoria Ferrer Narvarte en Pintura PCD; y Vicente Maruca en Arte Circense Juvenil, quienes estar\u00e1n acompa\u00f1ados por las coordinadoras Vanesa Mart\u00ednez y Alejandra Troncoso.<\/p>\n","protected":false},"excerpt":{"rendered":"<p>Entre los j\u00f3venes deportistas, representantes de la cultura y los profesores y coordinadores a cargo son m\u00e1s de 200 personas que viajar\u00e1n a Mar del Plata en dos tandas desde el Polideportivo Municipal. Desde este s\u00e1bado 1\u00ba al jueves 6 de octubre se vivir\u00e1 en Mar del Plata la etapa final \u00a0de la 31\u00ba edici\u00f3n [&hellip;]<\/p>\n","protected":false},"author":3,"featured_media":93949,"comment_status":"closed","ping_status":"closed","sticky":false,"template":"","format":"standard","meta":{"footnotes":""},"categories":[3],"tags":[],"class_list":["post-93948","post","type-post","status-publish","format-standard","has-post-thumbnail","category-masnoticias"],"_links":{"self":[{"href":"https:\/\/primicias2262.com\/noticias\/wp-json\/wp\/v2\/posts\/93948","targetHints":{"allow":["GET"]}}],"collection":[{"href":"https:\/\/primicias2262.com\/noticias\/wp-json\/wp\/v2\/posts"}],"about":[{"href":"https:\/\/primicias2262.com\/noticias\/wp-json\/wp\/v2\/types\/post"}],"author":[{"embeddable":true,"href":"https:\/\/primicias2262.com\/noticias\/wp-json\/wp\/v2\/users\/3"}],"replies":[{"embeddable":true,"href":"https:\/\/primicias2262.com\/noticias\/wp-json\/wp\/v2\/comments?post=93948"}],"version-history":[{"count":0,"href":"https:\/\/primicias2262.com\/noticias\/wp-json\/wp\/v2\/posts\/93948\/revisions"}],"wp:attachment":[{"href":"https:\/\/primicias2262.com\/noticias\/wp-json\/wp\/v2\/media?parent=93948"}],"wp:term":[{"taxonomy":"category","embeddable":true,"href":"https:\/\/primicias2262.com\/noticias\/wp-json\/wp\/v2\/categories?post=93948"},{"taxonomy":"post_tag","embeddable":true,"href":"https:\/\/primicias2262.com\/noticias\/wp-json\/wp\/v2\/tags?post=93948"}],"curies":[{"name":"wp","href":"https:\/\/api.w.org\/{rel}","templated":true}]}}