{"id":93968,"date":"2022-10-01T21:44:21","date_gmt":"2022-10-02T00:44:21","guid":{"rendered":"https:\/\/primicias2262.com\/?p=93968"},"modified":"2022-10-01T21:44:21","modified_gmt":"2022-10-02T00:44:21","slug":"el-paraje-las-cascadas-sigue-sumando-servicios-y-se-prepara-para-inaugurar-la-temporada","status":"publish","type":"post","link":"https:\/\/primicias2262.com\/noticias\/el-paraje-las-cascadas-sigue-sumando-servicios-y-se-prepara-para-inaugurar-la-temporada\/","title":{"rendered":"El Paraje Las Cascadas sigue sumando servicios y se prepara para inaugurar la temporada"},"content":{"rendered":"<p>Carlos Kelly, de la Asociaci\u00f3n de Amigos del Paraje Las Cascadas, pas\u00f3 por los estudios de \u201cVoces de la Ciudad\u201d y no solo expres\u00f3 el buen presente con obras en el bello paisaje necochense, sino que subray\u00f3 que han mermado considerablemente los hechos de inseguridad.<\/p>\n<p>En di\u00e1logo con el periodista Hugo Arrioyo, Kelly se\u00f1al\u00f3 que \u201cseguimos con obras, hemos hecho casi 50 parrillas y estamos haciendo dos ba\u00f1os en la parte de atr\u00e1s. Adem\u00e1s hemos habilitado el sal\u00f3n de fiestas y hemos hecho limpieza de todo el predio, y tenemos el escenario natural en el que ya empezamos con las fiestas de los domingos, con artistas locales que van todos los domingos para que la gente pueda disfrutar\u201d.<\/p>\n<p>\u201cEstamos muy contentos porque la gente nos responde\u201d, asegur\u00f3 Kelly, y respecto al sal\u00f3n de fiestas ampli\u00f3 que \u201clo tenemos para alquilar para eventos y los que est\u00e9n interesados pueden averiguar al contacto 2262-607455 o directamente en Las Cascadas. El sal\u00f3n tiene una capacidad de 60 personas, tiene espacio para bailar y todos los servicios, y el alquiler un costo de 8 mil pesos\u201d.<\/p>\n<p>En lo concerniente a seguridad, Kelly resalt\u00f3 con alivio que \u201cpr\u00e1cticamente se ha subsanado porque la patrulla rural pasa cada dos o tres horas por el paraje y eso ha hecho que se frene el tema del robo y los destrozos, est\u00e1 solucionado ese tema\u201d.<\/p>\n<p>En cuanto a los caminos de acceso a Las Cascadas, se\u00f1al\u00f3 que \u201cel de Sirga (el ribere\u00f1o) est\u00e1 bueno pero ya tendr\u00eda que pasar la m\u00e1quina porque con las lluvias se han hecho algunos pozos, mientras que ingresando por la Ruta 86 pasaron la m\u00e1quina y est\u00e1 muy buena esa v\u00eda\u201d.<\/p>\n<p><a href=\"https:\/\/primicias2262.com\/wp-content\/uploads\/2022\/10\/WhatsApp-Image-2022-10-01-at-5.21.58-PM.jpeg\"><img loading=\"lazy\" decoding=\"async\" class=\"aligncenter size-large wp-image-93969\" src=\"https:\/\/primicias2262.com\/wp-content\/uploads\/2022\/10\/WhatsApp-Image-2022-10-01-at-5.21.58-PM-1024x768.jpeg\" alt=\"\" width=\"696\" height=\"522\" \/><\/a><\/p>\n<p>Asimismo, Kelly asegur\u00f3 que \u201cel tema del v\u00eda crucis y el mismo Camino de la Ribera han hecho que mejore mucho la concurrencia al paraje, en esta \u00e9poca la gente empieza a ir m\u00e1s de continuo y los fines de semana se llena, va much\u00edsima gente de Necochea, Quequ\u00e9n y la zona, incluso viene gente de afuera a acampar a las Cascadas, hasta un mes se quedan acampando\u201d.<\/p>\n<p>Finalmente, Carlos adelant\u00f3 que \u201cestamos organizando una actividad para inaugurar la temporada, con espect\u00e1culos, servicios de cantina, sorpresas y regalos, aunque todav\u00eda con fecha a confirmar\u201d.<\/p>\n","protected":false},"excerpt":{"rendered":"<p>Carlos Kelly, de la Asociaci\u00f3n de Amigos del Paraje Las Cascadas, pas\u00f3 por los estudios de \u201cVoces de la Ciudad\u201d y no solo expres\u00f3 el buen presente con obras en el bello paisaje necochense, sino que subray\u00f3 que han mermado considerablemente los hechos de inseguridad. En di\u00e1logo con el periodista Hugo Arrioyo, Kelly se\u00f1al\u00f3 que [&hellip;]<\/p>\n","protected":false},"author":3,"featured_media":93970,"comment_status":"closed","ping_status":"closed","sticky":false,"template":"","format":"standard","meta":{"footnotes":""},"categories":[3],"tags":[],"class_list":["post-93968","post","type-post","status-publish","format-standard","has-post-thumbnail","category-masnoticias"],"_links":{"self":[{"href":"https:\/\/primicias2262.com\/noticias\/wp-json\/wp\/v2\/posts\/93968","targetHints":{"allow":["GET"]}}],"collection":[{"href":"https:\/\/primicias2262.com\/noticias\/wp-json\/wp\/v2\/posts"}],"about":[{"href":"https:\/\/primicias2262.com\/noticias\/wp-json\/wp\/v2\/types\/post"}],"author":[{"embeddable":true,"href":"https:\/\/primicias2262.com\/noticias\/wp-json\/wp\/v2\/users\/3"}],"replies":[{"embeddable":true,"href":"https:\/\/primicias2262.com\/noticias\/wp-json\/wp\/v2\/comments?post=93968"}],"version-history":[{"count":0,"href":"https:\/\/primicias2262.com\/noticias\/wp-json\/wp\/v2\/posts\/93968\/revisions"}],"wp:attachment":[{"href":"https:\/\/primicias2262.com\/noticias\/wp-json\/wp\/v2\/media?parent=93968"}],"wp:term":[{"taxonomy":"category","embeddable":true,"href":"https:\/\/primicias2262.com\/noticias\/wp-json\/wp\/v2\/categories?post=93968"},{"taxonomy":"post_tag","embeddable":true,"href":"https:\/\/primicias2262.com\/noticias\/wp-json\/wp\/v2\/tags?post=93968"}],"curies":[{"name":"wp","href":"https:\/\/api.w.org\/{rel}","templated":true}]}}